{"id":2378,"date":"2021-02-08T06:47:19","date_gmt":"2021-02-08T10:47:19","guid":{"rendered":"http:\/\/jms.com.bo\/mediamonitor\/?p=2378"},"modified":"2021-02-08T06:47:19","modified_gmt":"2021-02-08T10:47:19","slug":"militares-desatan-pugna-por-ascensos-y-el-mas-dice-que-son-los-descontentos","status":"publish","type":"post","link":"https:\/\/jms.com.bo\/mediamonitor\/2021\/02\/08\/militares-desatan-pugna-por-ascensos-y-el-mas-dice-que-son-los-descontentos\/","title":{"rendered":"Militares desatan pugna por ascensos y el MAS dice que son los descontentos"},"content":{"rendered":"<p style=\"text-align: justify;\">In\u00e9dita. As\u00ed result\u00f3 la pugna interna que se desat\u00f3 al interior de las FFAA para lograr los ascensos de los jefes militares. Hasta el momento no se hab\u00edan conocido denuncias p\u00fablicas de los uniformados y las promociones se defin\u00edan internamente. Dos meses y tres semanas despu\u00e9s de haber tomado juramento a su primer Alto Mando Militar, el Gobierno a\u00fan no mand\u00f3 esas listas de ascensos al Parlamento donde creen que est\u00e1n congeladas.<\/p>\n<p style=\"text-align: justify;\">\u201cEso (la lista de ascensos) tienen que enviar, por supuesto, desde estas instancias, de la Polic\u00eda y de las Fuerzas Armadas a trav\u00e9s del (\u00d3rgano) Ejecutivo al Senado, creemos que por razones administrativas u otras debe estar todav\u00eda congelado esto, no hemos recibido ning\u00fan tema\u201d, declar\u00f3 el presidente del Senado, Andr\u00f3nico Rodr\u00edguez.<\/p>\n<p style=\"text-align: justify;\">Luis Arce posesion\u00f3 a su primer Alto Mando el 16 de noviembre y la misi\u00f3n que encarg\u00f3 Arce fue la de recuperar la confianza de la poblaci\u00f3n. Pero 43 d\u00edas despu\u00e9s, el 30 de diciembre, posesion\u00f3 a nuevos jefes militares en los m\u00e1ximos cargos de las FFAA y hasta el momento no envi\u00f3 las listas al Parlamento.<\/p>\n<p style=\"text-align: justify;\">Las fricciones entre las FFAA y el nuevo Gobierno quedaron en evidencia desde que se conoci\u00f3 la victoria del MAS en las urnas el 18 de octubre. Evo Morales acusa a los jefes castrenses de haber protagonizado un golpe de estado que lo sac\u00f3 del poder. Existe una lista de 120 jefes militares, con fotograf\u00eda incluida, supuestamente involucrados en esos hechos.<\/p>\n<p style=\"text-align: justify;\">Las denuncias<\/p>\n<p style=\"text-align: justify;\">Los militares empezaron con las denuncias y reclamos sobre qui\u00e9nes deben asumir mandos dentro de la instituci\u00f3n. Una carta fechada el 12 de enero de este a\u00f1o hace referencia al proceso de selecci\u00f3n, que se realiz\u00f3 en mayo de 2020.<\/p>\n<p style=\"text-align: justify;\">Doce coroneles que firman la carta dirigida al Comandante General Accidental del Ej\u00e9rcito, general, Miguel \u00c1ngel del Castillo Quiroga, dicen que pertenecen a la promoci\u00f3n 1990 y en un extenso documento de 17 puntos explican todo el proceso de selecci\u00f3n de los coroneles que deben ascender a generales de brigada, sin que hasta el momento se hayan materializado esos ascensos. EL DEBER, confirm\u00f3 la autenticidad del documento con seis altos jefes castrenses.<\/p>\n<p style=\"text-align: justify;\">Se\u00f1alan al coronel Iv\u00e1n Novillo Fuentes, actual Jefe de Estado Mayor General del Ej\u00e9rcito y afirman que retir\u00f3 su postulaci\u00f3n en el proceso de calificaci\u00f3n, pero por haber ejercido el comando de la Escuela Antimperialista, en Cochabamba, fue incluido de nuevo en la n\u00f3mina y ocupa un cargo jer\u00e1rquico en el Ej\u00e9rcito.<\/p>\n<p style=\"text-align: justify;\">Leonardo Loza, secretario de la Comisi\u00f3n de Seguridad del Estado, Fuerzas Armadas y Polic\u00eda Boliviana, que califica esa lista de ascensos, fue consultado sobre estas denuncias y las observaciones sobre el coronel Novillo y dijo que las mismas son parte de la campa\u00f1a de los descontentos.<\/p>\n<p style=\"text-align: justify;\">\u201cNo todos estar\u00e1n conformes, algunos siempre tendr\u00e1n alg\u00fan otro criterio, pero para m\u00ed hay un absoluto bienestar de nuestras Fuerzas Armadas con este gobierno democr\u00e1ticamente electo\u201d, dijo respecto al ambiente castrense.<\/p>\n<p style=\"text-align: justify;\">El abogado Omar Dur\u00e1n explic\u00f3 que este descontento radica en que, todos los a\u00f1os, la promoci\u00f3n saliente del comando realiza la calificaci\u00f3n de sus subalternos y conforman su tribunal. Como los comandantes del pasado a\u00f1o fueron pasados a reserva, el actual comando accidental ser\u00e1 el \u00fanico que se autocalifique y eso genera malestar en las promociones que est\u00e1n m\u00e1s abajo.<\/p>\n","protected":false},"excerpt":{"rendered":"<p>In\u00e9dita. As\u00ed result\u00f3 la pugna interna que se desat\u00f3 al interior de las FFAA para lograr los ascensos de los jefes militares. Hasta el momento no se hab\u00edan conocido denuncias p\u00fablicas de los uniformados y las promociones se defin\u00edan internamente. Dos meses y tres semanas despu\u00e9s de haber tomado juramento a su primer Alto Mando [&hellip;]<\/p>\n","protected":false},"author":4,"featured_media":2380,"comment_status":"open","ping_status":"open","sticky":false,"template":"","format":"standard","meta":{"footnotes":""},"categories":[18],"tags":[],"class_list":{"0":"post-2378","1":"post","2":"type-post","3":"status-publish","4":"format-standard","5":"has-post-thumbnail","7":"category-politica"},"_links":{"self":[{"href":"https:\/\/jms.com.bo\/mediamonitor\/wp-json\/wp\/v2\/posts\/2378","targetHints":{"allow":["GET"]}}],"collection":[{"href":"https:\/\/jms.com.bo\/mediamonitor\/wp-json\/wp\/v2\/posts"}],"about":[{"href":"https:\/\/jms.com.bo\/mediamonitor\/wp-json\/wp\/v2\/types\/post"}],"author":[{"embeddable":true,"href":"https:\/\/jms.com.bo\/mediamonitor\/wp-json\/wp\/v2\/users\/4"}],"replies":[{"embeddable":true,"href":"https:\/\/jms.com.bo\/mediamonitor\/wp-json\/wp\/v2\/comments?post=2378"}],"version-history":[{"count":1,"href":"https:\/\/jms.com.bo\/mediamonitor\/wp-json\/wp\/v2\/posts\/2378\/revisions"}],"predecessor-version":[{"id":2383,"href":"https:\/\/jms.com.bo\/mediamonitor\/wp-json\/wp\/v2\/posts\/2378\/revisions\/2383"}],"wp:featuredmedia":[{"embeddable":true,"href":"https:\/\/jms.com.bo\/mediamonitor\/wp-json\/wp\/v2\/media\/2380"}],"wp:attachment":[{"href":"https:\/\/jms.com.bo\/mediamonitor\/wp-json\/wp\/v2\/media?parent=2378"}],"wp:term":[{"taxonomy":"category","embeddable":true,"href":"https:\/\/jms.com.bo\/mediamonitor\/wp-json\/wp\/v2\/categories?post=2378"},{"taxonomy":"post_tag","embeddable":true,"href":"https:\/\/jms.com.bo\/mediamonitor\/wp-json\/wp\/v2\/tags?post=2378"}],"curies":[{"name":"wp","href":"https:\/\/api.w.org\/{rel}","templated":true}]}}