{"id":2379,"date":"2021-02-08T06:43:37","date_gmt":"2021-02-08T10:43:37","guid":{"rendered":"http:\/\/jms.com.bo\/mediamonitor\/?p=2379"},"modified":"2021-02-08T06:51:05","modified_gmt":"2021-02-08T10:51:05","slug":"el-precio-en-electricidad-de-trabajar-desde-casa","status":"publish","type":"post","link":"https:\/\/jms.com.bo\/mediamonitor\/2021\/02\/08\/el-precio-en-electricidad-de-trabajar-desde-casa\/","title":{"rendered":"El precio (en electricidad) de trabajar desde casa"},"content":{"rendered":"<p>Con tantos estadounidenses trabajando desde casa debido a las restricciones de COVID-19 en las empresas, el uso de electricidad en el hogar aument\u00f3, al igual que sus facturas.<\/p>\n<p>Una empresa que vende dispositivos de monitoreo de energ\u00eda acaba de publicar un an\u00e1lisis que adjunta una cifra en d\u00f3lares al costo y, seg\u00fan uno de los hallazgos, los residentes de California gastaron alrededor de $176 m\u00e1s en sus facturas de servicios p\u00fablicos en 2020 en comparaci\u00f3n con 2019.<\/p>\n<p>\u201cHay un costo real por quedarse en casa\u201d, dijo George Zavaliagkos, vicepresidente de tecnolog\u00eda de Sense, el fabricante de los dispositivos de monitoreo. \u201cTal vez no lo note mes a mes, pero definitivamente lo notamos durante el a\u00f1o\u201d.<\/p>\n<p>Aproximadamente del tama\u00f1o de un tel\u00e9fono celular, el monitor Sense se instala en el panel el\u00e9ctrico del propietario.<\/p>\n<p>El dispositivo, que cuesta unos $300, proporciona datos en tiempo real sobre la electricidad dom\u00e9stica. Puede rastrear electrodom\u00e9sticos y dispositivos electr\u00f3nicos, incluso para aquellos que no se consideran \u201cinteligentes\u201d, y ayudar a identificar los consumos de energ\u00eda para que los propietarios puedan eliminar el desperdicio de energ\u00eda. Se han instalado alrededor de 50,000 monitores Sense en todo el pa\u00eds.<\/p>\n<p>Para realizar el an\u00e1lisis, la empresa con sede en Massachusetts examin\u00f3 los datos de 5,200 hogares seleccionados al azar equipados con monitores Sense. Al analizar el uso de energ\u00eda en esos hogares desde el 1 de marzo del a\u00f1o pasado, cuando las \u00f3rdenes de cierre entraron en vigencia por primera vez en muchos estados como California, hasta el 31 de agosto, la compa\u00f1\u00eda compar\u00f3 las cifras de esos hogares con el mismo per\u00edodo de 2019.<\/p>\n<p>\u201cComparamos manzanas con manzanas\u201d, dijo Zavaliagkos. \u201cSon las mismas personas y creemos que los datos (son) muy precisos\u201d.<\/p>\n<p>A nivel nacional, el an\u00e1lisis encontr\u00f3 que el uso de electricidad aument\u00f3 9.3% de abril a agosto del a\u00f1o pasado en comparaci\u00f3n con 2019, y los propietarios pagaron $85 m\u00e1s en los meses de primavera y verano. Extrapolando eso hasta fin de a\u00f1o, el costo adicional lleg\u00f3 a $127 por hogar.<\/p>\n<p>En California, el estudio mostr\u00f3 que los residentes pagaron en promedio $19.60 m\u00e1s por mes en la primavera y el verano en comparaci\u00f3n con 2019, un ritmo que, seg\u00fan Sense, llegar\u00eda a $176 por a\u00f1o.<\/p>\n<p>Zavaliagkos atribuy\u00f3 los n\u00fameros m\u00e1s altos en el Estado Dorado a tres factores: la pandemia, una serie de olas de calor que hicieron que el verano de 2020 fuera m\u00e1s caluroso que el de 2019 y una sucesi\u00f3n de incendios forestales que empeoraron la calidad del aire, lo que llev\u00f3 a que m\u00e1s personas se quedaran en el interior.<\/p>\n<p>\u201cHicimos el an\u00e1lisis y dijimos, \u2018Whoa\u2019\u201d, dijo Zavaliagkos. \u201cVes este pico, es mucho m\u00e1s alto que cualquier cosa que haya sucedido en el a\u00f1o anterior. Es un triple golpe\u201d.<\/p>\n<p>Pero las cifras de California no fueron las m\u00e1s altas del estudio Sense.<\/p>\n<p>El uso de electricidad para los residentes de Nueva York aument\u00f3 12.7% en primavera y verano, lo que llev\u00f3 a un aumento estimado de $243 para el a\u00f1o en comparaci\u00f3n con 2019. Y el uso en Massachusetts aument\u00f3 11.4%, lo que puso a los residentes del estado de la bah\u00eda en camino de pagar $244.80 m\u00e1s que en 2020.<\/p>\n<p>En el extremo inferior, los residentes de Florida utilizaron solo 3.9% m\u00e1s de electricidad la primavera y el verano pasadas, lo que coloc\u00f3 al estado en el camino de fin de a\u00f1o para gastar $76 m\u00e1s en facturas de servicios p\u00fablicos en comparaci\u00f3n con el a\u00f1o anterior. Zavaliagkos calcul\u00f3 que los n\u00fameros m\u00e1s bajos de Florida se debieron al clima templado y a que los funcionarios estatales no emitieron \u00f3rdenes de quedarse en casa de inmediato.<\/p>\n<p>Los residentes en Texas terminaron en el medio del grupo. Las facturas de electricidad en ese estado aumentaron 12% en julio debido a olas de calor r\u00e9cord, pero el uso general de electricidad en la primavera y el verano aument\u00f3 8.6%, lo que se traduce en $17.80 m\u00e1s en facturas mensuales en comparaci\u00f3n con 2019. Sense estim\u00f3 que los residentes de Texas gastar\u00e1n $160 m\u00e1s en sus facturas de servicios p\u00fablicos durante todo el a\u00f1o.<\/p>\n<p>Sense analiz\u00f3 datos de 1,832 hogares en Texas, Florida, Massachusetts, Nueva York y California.<\/p>\n<p>Despu\u00e9s de analizar los n\u00fameros, Zavaliagkos dijo que no ten\u00eda recomendaciones de pol\u00edticas espec\u00edficas para los funcionarios en California, donde se implementan una serie de mandatos estatales para electrificar m\u00e1s la red del estado y expandir la adopci\u00f3n de veh\u00edculos el\u00e9ctricos.<\/p>\n<p>Pero dijo que demasiada infraestructura el\u00e9ctrica est\u00e1 ligada a la \u201ctecnolog\u00eda del siglo pasado\u201d y debe modernizarse. La explotaci\u00f3n de nuevas tecnolog\u00edas que pueden ampliar el uso de datos \u201ctanto a los clientes como a las empresas de servicios p\u00fablicos\u201d puede ayudar a lograrlo.<\/p>\n<p>\u201cEl patr\u00f3n es, COVID o no, la gente trabajar\u00e1 m\u00e1s desde casa y las olas de calor ocurren con m\u00e1s frecuencia\u201d, dijo Zavaliagkos. \u201cAs\u00ed que tenemos que preguntarnos, \u00bfest\u00e1 nuestra infraestructura preparada para este triple efecto?\u201d.<\/p>\n<p>&nbsp;<\/p>\n","protected":false},"excerpt":{"rendered":"<p>Con tantos estadounidenses trabajando desde casa debido a las restricciones de COVID-19 en las empresas, el uso de electricidad en el hogar aument\u00f3, al igual que sus facturas. Una empresa que vende dispositivos de monitoreo de energ\u00eda acaba de publicar un an\u00e1lisis que adjunta una cifra en d\u00f3lares al costo y, seg\u00fan uno de los [&hellip;]<\/p>\n","protected":false},"author":1,"featured_media":2381,"comment_status":"open","ping_status":"open","sticky":false,"template":"","format":"standard","meta":{"footnotes":""},"categories":[39],"tags":[],"class_list":{"0":"post-2379","1":"post","2":"type-post","3":"status-publish","4":"format-standard","5":"has-post-thumbnail","7":"category-energia"},"_links":{"self":[{"href":"https:\/\/jms.com.bo\/mediamonitor\/wp-json\/wp\/v2\/posts\/2379","targetHints":{"allow":["GET"]}}],"collection":[{"href":"https:\/\/jms.com.bo\/mediamonitor\/wp-json\/wp\/v2\/posts"}],"about":[{"href":"https:\/\/jms.com.bo\/mediamonitor\/wp-json\/wp\/v2\/types\/post"}],"author":[{"embeddable":true,"href":"https:\/\/jms.com.bo\/mediamonitor\/wp-json\/wp\/v2\/users\/1"}],"replies":[{"embeddable":true,"href":"https:\/\/jms.com.bo\/mediamonitor\/wp-json\/wp\/v2\/comments?post=2379"}],"version-history":[{"count":1,"href":"https:\/\/jms.com.bo\/mediamonitor\/wp-json\/wp\/v2\/posts\/2379\/revisions"}],"predecessor-version":[{"id":2382,"href":"https:\/\/jms.com.bo\/mediamonitor\/wp-json\/wp\/v2\/posts\/2379\/revisions\/2382"}],"wp:featuredmedia":[{"embeddable":true,"href":"https:\/\/jms.com.bo\/mediamonitor\/wp-json\/wp\/v2\/media\/2381"}],"wp:attachment":[{"href":"https:\/\/jms.com.bo\/mediamonitor\/wp-json\/wp\/v2\/media?parent=2379"}],"wp:term":[{"taxonomy":"category","embeddable":true,"href":"https:\/\/jms.com.bo\/mediamonitor\/wp-json\/wp\/v2\/categories?post=2379"},{"taxonomy":"post_tag","embeddable":true,"href":"https:\/\/jms.com.bo\/mediamonitor\/wp-json\/wp\/v2\/tags?post=2379"}],"curies":[{"name":"wp","href":"https:\/\/api.w.org\/{rel}","templated":true}]}}