{"id":2384,"date":"2021-02-08T06:50:59","date_gmt":"2021-02-08T10:50:59","guid":{"rendered":"http:\/\/jms.com.bo\/mediamonitor\/?p=2384"},"modified":"2021-02-08T06:50:59","modified_gmt":"2021-02-08T10:50:59","slug":"arce-destaca-que-la-nueva-constitucion-politica-dejo-en-el-pasado-el-estado-republicano-colonial-y-patriarcal","status":"publish","type":"post","link":"https:\/\/jms.com.bo\/mediamonitor\/2021\/02\/08\/arce-destaca-que-la-nueva-constitucion-politica-dejo-en-el-pasado-el-estado-republicano-colonial-y-patriarcal\/","title":{"rendered":"Arce destaca que la nueva Constituci\u00f3n Pol\u00edtica dej\u00f3 en el pasado el Estado \u2018republicano colonial y patriarcal\u2019"},"content":{"rendered":"<p style=\"text-align: justify;\">Hace 12 a\u00f1os fue promulgada la nueva Constituci\u00f3n Pol\u00edtica del Estado, redactada en una Asamblea Constituyente. El presidente Luis Arce asegur\u00f3 que el nuevo pacto social dej\u00f3 \u201cel Estado republicano colonial y patriarcal\u201d.<\/p>\n<p style=\"text-align: justify;\">El 7 de febrero de 2009 fue promulgada -en un acto de masas en la ciudad de La Paz, sede de Gobierno- la nueva Constituci\u00f3n que fue trabajada desde 2006 en una Asamblea Constituyente elegida por el voto. Un refer\u00e9ndum la hab\u00eda aprobada antes.<\/p>\n<p style=\"text-align: justify;\">\u201cLa Constituci\u00f3n de 2009 dej\u00f3 en el pasado al Estado republicano colonial y patriarcal, plasm\u00f3 nuestra diversidad \u00e9tnica y cultural reflejada en el Estado Plurinacional de Bolivia. Saludamos su promulgaci\u00f3n por el presidente ind\u00edgena, Evo Morales. \u00a1Jallalla nuestra CPE!\u201d, destac\u00f3 Arce en un mensaje en Twitter.<\/p>\n<p style=\"text-align: justify;\">Sucre fue la sede de trabajo de la Constituyente, pero en la \u00faltima etapa fue trasladada a Oruro debido a una serie de conflictos derivadas de la reactivada demanda de capitalidad que en 2007 ya hab\u00eda generado un enfrentamiento que se sald\u00f3 con tres muertos.<\/p>\n<p style=\"text-align: justify;\">La nueva Carta Magna, en su primer art\u00edculo, define a Bolivia como \u201cun Estado Unitario Social de Derecho Plurinacional Comunitario, libre, independiente, soberano, democr\u00e1tico, intercultural, descentralizado y con autonom\u00edas. Bolivia se funda en la pluralidad y el pluralismo pol\u00edtico, econ\u00f3mico, jur\u00eddico, cultural y ling\u00fc\u00edstico, dentro del proceso integrador del pa\u00eds\u201d.<\/p>\n<p style=\"text-align: justify;\">Morales tambi\u00e9n record\u00f3 la fecha y destac\u00f3 el cambio que implic\u00f3 la vigencia del nuevo pacto social.<\/p>\n<p style=\"text-align: justify;\">\u201cHermanas y hermanos: Hace 12 a\u00f1os, un 7 de febrero, promulgamos la Constituci\u00f3n Pol\u00edtica del Estado aprobada, por primera vez, con el voto del pueblo, que dej\u00f3 atr\u00e1s el Estado colonial y neoliberal para construir un Estado Plurinacional que reconoce nuestra diversidad e identidad\u201d, poste\u00f3 Morales en su cuenta en Twitter.<\/p>\n","protected":false},"excerpt":{"rendered":"<p>Hace 12 a\u00f1os fue promulgada la nueva Constituci\u00f3n Pol\u00edtica del Estado, redactada en una Asamblea Constituyente. El presidente Luis Arce asegur\u00f3 que el nuevo pacto social dej\u00f3 \u201cel Estado republicano colonial y patriarcal\u201d. El 7 de febrero de 2009 fue promulgada -en un acto de masas en la ciudad de La Paz, sede de Gobierno- [&hellip;]<\/p>\n","protected":false},"author":4,"featured_media":2385,"comment_status":"open","ping_status":"open","sticky":false,"template":"","format":"standard","meta":{"footnotes":""},"categories":[18],"tags":[],"class_list":{"0":"post-2384","1":"post","2":"type-post","3":"status-publish","4":"format-standard","5":"has-post-thumbnail","7":"category-politica"},"_links":{"self":[{"href":"https:\/\/jms.com.bo\/mediamonitor\/wp-json\/wp\/v2\/posts\/2384","targetHints":{"allow":["GET"]}}],"collection":[{"href":"https:\/\/jms.com.bo\/mediamonitor\/wp-json\/wp\/v2\/posts"}],"about":[{"href":"https:\/\/jms.com.bo\/mediamonitor\/wp-json\/wp\/v2\/types\/post"}],"author":[{"embeddable":true,"href":"https:\/\/jms.com.bo\/mediamonitor\/wp-json\/wp\/v2\/users\/4"}],"replies":[{"embeddable":true,"href":"https:\/\/jms.com.bo\/mediamonitor\/wp-json\/wp\/v2\/comments?post=2384"}],"version-history":[{"count":1,"href":"https:\/\/jms.com.bo\/mediamonitor\/wp-json\/wp\/v2\/posts\/2384\/revisions"}],"predecessor-version":[{"id":2386,"href":"https:\/\/jms.com.bo\/mediamonitor\/wp-json\/wp\/v2\/posts\/2384\/revisions\/2386"}],"wp:featuredmedia":[{"embeddable":true,"href":"https:\/\/jms.com.bo\/mediamonitor\/wp-json\/wp\/v2\/media\/2385"}],"wp:attachment":[{"href":"https:\/\/jms.com.bo\/mediamonitor\/wp-json\/wp\/v2\/media?parent=2384"}],"wp:term":[{"taxonomy":"category","embeddable":true,"href":"https:\/\/jms.com.bo\/mediamonitor\/wp-json\/wp\/v2\/categories?post=2384"},{"taxonomy":"post_tag","embeddable":true,"href":"https:\/\/jms.com.bo\/mediamonitor\/wp-json\/wp\/v2\/tags?post=2384"}],"curies":[{"name":"wp","href":"https:\/\/api.w.org\/{rel}","templated":true}]}}