{"id":28657,"date":"2022-06-08T06:45:54","date_gmt":"2022-06-08T10:45:54","guid":{"rendered":"https:\/\/jms.com.bo\/mediamonitor\/2022\/06\/08\/la-ninez-es-mas-vulnerable-ante-quinta-ola-de-covid-19\/"},"modified":"2022-06-08T06:45:54","modified_gmt":"2022-06-08T10:45:54","slug":"la-ninez-es-mas-vulnerable-ante-quinta-ola-de-covid-19","status":"publish","type":"post","link":"https:\/\/jms.com.bo\/mediamonitor\/2022\/06\/08\/la-ninez-es-mas-vulnerable-ante-quinta-ola-de-covid-19\/","title":{"rendered":"La ni\u00f1ez es m\u00e1s vulnerable ante quinta ola de covid-19"},"content":{"rendered":"<p style=\"text-align: justify;\">Los casos de covid-19 en ni\u00f1os de cinco a 11 a\u00f1os de edad est\u00e1n en ascenso, la curva epid\u00e9mica se triplic\u00f3 en la quinta ola y este sector es el m\u00e1s vulnerable, dijo ayer la jefa de la Unidad de Prevenci\u00f3n y Control de Enfermedades del Ministerio de Salud, Liliana Flores.<\/p>\n<p style=\"text-align: justify;\">En este sentido, la directora indic\u00f3 que existen las dosis necesarias para los estudiantes. Hasta la fecha se vacunaron a 745.330 menores con la primera dosis, 512.275 con la segunda dosis en ni\u00f1os de cinco a 11 a\u00f1os y 768.875 con una primera dosis en adolescentes de 12 a 17 a\u00f1os y 590. 023 en segunda dosis.<\/p>\n<p style=\"text-align: justify;\">Entretanto, el ministro de Salud y Deportes, Jeyson Auza, llam\u00f3 a la unidad de m\u00e9dicos, profesionales, trabajadores en salud y poblaci\u00f3n boliviana para enfrentar de manera efectiva la arremetida de la quinta ola del covid-19 que enfrenta el pa\u00eds y reflexion\u00f3 que no es momento de confrontaci\u00f3n porque el enemigo en com\u00fan es la pandemia que se llev\u00f3 muchas vidas en la primera ola.<\/p>\n","protected":false},"excerpt":{"rendered":"<p>Los casos de covid-19 en ni\u00f1os de cinco a 11 a\u00f1os de edad est\u00e1n en ascenso, la curva epid\u00e9mica se triplic\u00f3 en la quinta ola y este sector es el m\u00e1s vulnerable, dijo ayer la jefa de la Unidad de Prevenci\u00f3n y Control de Enfermedades del Ministerio de Salud, Liliana Flores. En este sentido, la [&hellip;]<\/p>\n","protected":false},"author":4,"featured_media":28658,"comment_status":"open","ping_status":"open","sticky":false,"template":"","format":"standard","meta":{"footnotes":""},"categories":[53],"tags":[],"class_list":{"0":"post-28657","1":"post","2":"type-post","3":"status-publish","4":"format-standard","5":"has-post-thumbnail","7":"category-salud"},"_links":{"self":[{"href":"https:\/\/jms.com.bo\/mediamonitor\/wp-json\/wp\/v2\/posts\/28657","targetHints":{"allow":["GET"]}}],"collection":[{"href":"https:\/\/jms.com.bo\/mediamonitor\/wp-json\/wp\/v2\/posts"}],"about":[{"href":"https:\/\/jms.com.bo\/mediamonitor\/wp-json\/wp\/v2\/types\/post"}],"author":[{"embeddable":true,"href":"https:\/\/jms.com.bo\/mediamonitor\/wp-json\/wp\/v2\/users\/4"}],"replies":[{"embeddable":true,"href":"https:\/\/jms.com.bo\/mediamonitor\/wp-json\/wp\/v2\/comments?post=28657"}],"version-history":[{"count":0,"href":"https:\/\/jms.com.bo\/mediamonitor\/wp-json\/wp\/v2\/posts\/28657\/revisions"}],"wp:featuredmedia":[{"embeddable":true,"href":"https:\/\/jms.com.bo\/mediamonitor\/wp-json\/wp\/v2\/media\/28658"}],"wp:attachment":[{"href":"https:\/\/jms.com.bo\/mediamonitor\/wp-json\/wp\/v2\/media?parent=28657"}],"wp:term":[{"taxonomy":"category","embeddable":true,"href":"https:\/\/jms.com.bo\/mediamonitor\/wp-json\/wp\/v2\/categories?post=28657"},{"taxonomy":"post_tag","embeddable":true,"href":"https:\/\/jms.com.bo\/mediamonitor\/wp-json\/wp\/v2\/tags?post=28657"}],"curies":[{"name":"wp","href":"https:\/\/api.w.org\/{rel}","templated":true}]}}