{"id":28659,"date":"2022-06-08T06:47:13","date_gmt":"2022-06-08T10:47:13","guid":{"rendered":"https:\/\/jms.com.bo\/mediamonitor\/2022\/06\/08\/medicos-anuncian-el-paro-de-72-horas-para-la-proxima-semana\/"},"modified":"2022-06-08T06:47:13","modified_gmt":"2022-06-08T10:47:13","slug":"medicos-anuncian-el-paro-de-72-horas-para-la-proxima-semana","status":"publish","type":"post","link":"https:\/\/jms.com.bo\/mediamonitor\/2022\/06\/08\/medicos-anuncian-el-paro-de-72-horas-para-la-proxima-semana\/","title":{"rendered":"M\u00e9dicos anuncian el paro de 72 horas para la pr\u00f3xima semana"},"content":{"rendered":"<p style=\"text-align: justify;\">Luego de haber realizado paros de 24 y 48 horas sin lograr sus objetivos, dirigentes m\u00e9dicos anunciaron que para la pr\u00f3xima semana se ha decidido realiza un paro de 72 horas en demanda de que el Gobierno los convoque a di\u00e1logo y escuche sus demandas.<\/p>\n<p style=\"text-align: justify;\">El vicepresidente del Colegio M\u00e9dico de La Paz, Cristian Fuentes, indic\u00f3 que el paro ser\u00eda entre lunes y mi\u00e9rcoles de la siguiente semana.<\/p>\n<p style=\"text-align: justify;\">\u201cEsta determinado que se va a ir a un paro de 72 horas la pr\u00f3xima semana, porque es la \u00fanica manera de que no se escuche las autoridades, solicitamos vehementemente al gobierno, al presidente, que puedan interceder\u201d, manifest\u00f3.<\/p>\n<p style=\"text-align: justify;\">El presidente del Colegio M\u00e9dico de Santa Cruz, Wilfredo Anzo\u00e1tegui, tambi\u00e9n confirm\u00f3 la decisi\u00f3n de ir a paro de 72 horas la pr\u00f3xima semana, report\u00f3 radio Alternativa de la Red ERBOL.<\/p>\n<p style=\"text-align: justify;\">\u201cSe ha determinado pues continuar con esta medida de presi\u00f3n, ya que el se\u00f1or Ministro no le da la gana de reunirse con los profesionales y trabajadores en salud para poder coordinar cu\u00e1les son las acciones a seguir\u201d, corrobor\u00f3 Anzo\u00e1tegui.<\/p>\n<p style=\"text-align: justify;\">El dirigente del Colegio M\u00e9dico de La Paz asever\u00f3 que, a diferencia de las medidas de presi\u00f3n anteriores, este paro ser\u00e1 con movilizaciones.<\/p>\n<p style=\"text-align: justify;\">Indic\u00f3 que entre las demanda est\u00e1 la creaci\u00f3n de \u00edtems y que se cumpla la indemnizaci\u00f3n para el personal de salud que ha fallecido durante la pandemia.<\/p>\n","protected":false},"excerpt":{"rendered":"<p>Luego de haber realizado paros de 24 y 48 horas sin lograr sus objetivos, dirigentes m\u00e9dicos anunciaron que para la pr\u00f3xima semana se ha decidido realiza un paro de 72 horas en demanda de que el Gobierno los convoque a di\u00e1logo y escuche sus demandas. El vicepresidente del Colegio M\u00e9dico de La Paz, Cristian Fuentes, [&hellip;]<\/p>\n","protected":false},"author":4,"featured_media":28660,"comment_status":"open","ping_status":"open","sticky":false,"template":"","format":"standard","meta":{"footnotes":""},"categories":[53],"tags":[],"class_list":{"0":"post-28659","1":"post","2":"type-post","3":"status-publish","4":"format-standard","5":"has-post-thumbnail","7":"category-salud"},"_links":{"self":[{"href":"https:\/\/jms.com.bo\/mediamonitor\/wp-json\/wp\/v2\/posts\/28659","targetHints":{"allow":["GET"]}}],"collection":[{"href":"https:\/\/jms.com.bo\/mediamonitor\/wp-json\/wp\/v2\/posts"}],"about":[{"href":"https:\/\/jms.com.bo\/mediamonitor\/wp-json\/wp\/v2\/types\/post"}],"author":[{"embeddable":true,"href":"https:\/\/jms.com.bo\/mediamonitor\/wp-json\/wp\/v2\/users\/4"}],"replies":[{"embeddable":true,"href":"https:\/\/jms.com.bo\/mediamonitor\/wp-json\/wp\/v2\/comments?post=28659"}],"version-history":[{"count":0,"href":"https:\/\/jms.com.bo\/mediamonitor\/wp-json\/wp\/v2\/posts\/28659\/revisions"}],"wp:featuredmedia":[{"embeddable":true,"href":"https:\/\/jms.com.bo\/mediamonitor\/wp-json\/wp\/v2\/media\/28660"}],"wp:attachment":[{"href":"https:\/\/jms.com.bo\/mediamonitor\/wp-json\/wp\/v2\/media?parent=28659"}],"wp:term":[{"taxonomy":"category","embeddable":true,"href":"https:\/\/jms.com.bo\/mediamonitor\/wp-json\/wp\/v2\/categories?post=28659"},{"taxonomy":"post_tag","embeddable":true,"href":"https:\/\/jms.com.bo\/mediamonitor\/wp-json\/wp\/v2\/tags?post=28659"}],"curies":[{"name":"wp","href":"https:\/\/api.w.org\/{rel}","templated":true}]}}