{"id":28663,"date":"2022-06-08T06:49:58","date_gmt":"2022-06-08T10:49:58","guid":{"rendered":"https:\/\/jms.com.bo\/mediamonitor\/2022\/06\/08\/padres-en-pie-de-bloqueo-hoy-y-el-dialogo-con-copa-no-se-allana\/"},"modified":"2022-06-08T06:49:58","modified_gmt":"2022-06-08T10:49:58","slug":"padres-en-pie-de-bloqueo-hoy-y-el-dialogo-con-copa-no-se-allana","status":"publish","type":"post","link":"https:\/\/jms.com.bo\/mediamonitor\/2022\/06\/08\/padres-en-pie-de-bloqueo-hoy-y-el-dialogo-con-copa-no-se-allana\/","title":{"rendered":"Padres en pie de bloqueo hoy y el di\u00e1logo con Copa no se allana"},"content":{"rendered":"<p style=\"text-align: justify;\">Los representantes de los padres de familia de la ciudad de El Alto anuncian desde hoy un bloqueo total de la ciudad de El Alto y ratifican que la protesta es por la poca o nula atenci\u00f3n que recibieron las unidades educativas. La alcaldesa Eva Copa pidi\u00f3 al sector \u201centrar en la racionalidad\u201d y asegur\u00f3 que no hay motivos para que se lleve adelante esta extrema medida. Uno de los funcionarios de la comuna advirti\u00f3 a los dirigentes con procesos penales.<\/p>\n<p style=\"text-align: justify;\">\u201cNosotros, como representantes de juntas escolares y padres de familia de El Alto, estamos iniciando un bloqueo indefinido. Llamamos a que el municipio pueda sentarse a dialogar y hasta ahora s\u00f3lo vemos postergaciones\u201d, dijo a P\u00e1gina Siete el representante de los padres, Evaristo Cruz.<\/p>\n<p style=\"text-align: justify;\">Los padres est\u00e1n protestando por el mal estado de los colegios, su falta de mantenimiento y las falencias del desayuno escolar. Seg\u00fan esta dirigencia, los paquetes no incluyen frutas y otros que permitan el desarrollo de los escolares.<\/p>\n<p style=\"text-align: justify;\">\u201cHay deterioro en las unidades educativas causadas por el tiempo. El 2020 se suspendieron las clases por la pandemia y no recibieron atenci\u00f3n, lo propio sucedi\u00f3 en 2021. En ese tiempo, los colegios necesitaron atenci\u00f3n, mantenimiento y este a\u00f1o se inician las clases sin colaboraci\u00f3n del municipio\u201d, agreg\u00f3 el dirigente de padres.<\/p>\n<p style=\"text-align: justify;\">El representante asegur\u00f3 que organizaciones, como los comerciantes, gremiales, transporte pesado, lustrabotas y la Federaci\u00f3n de Luchadores, se sumar\u00e1n hoy a la protesta. \u201cIniciamos ma\u00f1ana el bloqueo de calles y avenidas, pero las clases son normales. No queremos perjudicar a nuestros hijos\u201d, precis\u00f3.<\/p>\n<p style=\"text-align: justify;\">La medida de los padres busca \u201ccerrar la ciudad\u201d y cortar el tr\u00e1fico vehicular a los principales caminos de la urbe. \u201cTodo est\u00e1 en manos de la alcald\u00eda. Si no quiere perjudicar a la poblaci\u00f3n, pedimos que nos convoquen al di\u00e1logo lo antes posible\u201d, afirm\u00f3.<\/p>\n<p style=\"text-align: justify;\">Este grupo instal\u00f3 seis piquetes de huelga de hambre y ayer cumplieron 14 d\u00edas de este ayuno, tres padres fueron dados de baja por su delicada situaci\u00f3n de salud. \u201cSon dos semanas que lamentablemente el municipio no se compadeci\u00f3 de nosotros. Por el contrario, la comuna inici\u00f3 una guerra digital (a trav\u00e9s de las redes sociales) y pol\u00edtica que va dirigida contra nosotros\u201d, afirm\u00f3.<\/p>\n<p style=\"text-align: justify;\">Anoche, la Coordinadora Regional de Madres y Padres de Familia ratificaron -a trav\u00e9s de un comunicado- el bloqueo de hoy \u201cal no haber inter\u00e9s por parte de los funcionarios municipales para atender las justas demandas\u201d.<\/p>\n<p style=\"text-align: justify;\">La alcaldesa Eva Copa asegur\u00f3 que continuar\u00e1 trabajando pese a las medidas de presi\u00f3n. \u201cLes decimos a los que piensan que bloqueando, los que piensan que amenazando van a parar nuestras obras: no lo van a hacer, no vamos a parar ni un d\u00eda el inicio y la entrega obras a favor de las unidades educativas\u201d, dijo.<\/p>\n<p style=\"text-align: justify;\">La alcaldesa aclar\u00f3 que no hay una demanda l\u00f3gica de los padres de familia. Explic\u00f3 que respecto a los cuatro pedidos, la comuna ya dio una respuesta: desayuno escolar, salud y planes operativos anuales (POA), entre otros. Ayer comenzaron con el inicio de obras en colegios.<\/p>\n<p style=\"text-align: justify;\">\u201cNo sean irresponsables, estamos al ingreso de una quinta ola, si hay mayores contagios ser\u00e1 responsabilidad de ustedes\u201d. Luego, Copa se dirigi\u00f3 a los padres: \u201cSe\u00f1ores padres de familia, no se dejen enga\u00f1ar con estas personas. Cuiden a sus familias y que por esta irresponsabilidad haya mayor n\u00famero de casos (de covid) en El Alto\u201d, afirm\u00f3.<\/p>\n<p style=\"text-align: justify;\">La alcaldesa solicit\u00f3 que el di\u00e1logo sea en un lugar neutro, con la Iglesia Cat\u00f3lica y el Defensor del Pueblo de mediadores.<\/p>\n<p style=\"text-align: justify;\">Rudy Balladares, secretario institucional, calific\u00f3 el paro de \u201cpol\u00edtico\u201d y solicitar\u00e1 ayuda de la Polic\u00eda para evitar los bloqueos, adem\u00e1s anunci\u00f3 acciones legales. \u201cEllos van a ser responsables de los contagios. Estamos en el derecho de hacer las acciones legales que correspondan porque es un atentado a la vida y la salud\u201d, dijo.<\/p>\n<p style=\"text-align: justify;\">Los trabajos<\/p>\n<p style=\"text-align: justify;\">Avances La alcaldesa Eva Copa entreg\u00f3 ayer insumos de bioseguridad e inici\u00f3 obras en tres establecimientos educativos de la ciudad de El Alto. A la Unidad Educativa Solidaridad se entreg\u00f3 insumos de bioseguridad, como desinfectante, sanitizador, dos term\u00f3metros infrarrojos y un termo nebulizador port\u00e1til.<\/p>\n<p style=\"text-align: justify;\">Acci\u00f3n Esta entrega se logr\u00f3 gracias a una alianza estrat\u00e9gica con Visi\u00f3n Mundial Bolivia y Koika. En el establecimiento educativo Santa Rosa de Lima se dio inicio a la construcci\u00f3n de muro de contenci\u00f3n y en la Unidad Educativa CEA Corea se concluir\u00e1n dos aulas. El gobierno municipal invierte aproximadamente 200 mil bolivianos en el muro y las aulas.<\/p>\n","protected":false},"excerpt":{"rendered":"<p>Los representantes de los padres de familia de la ciudad de El Alto anuncian desde hoy un bloqueo total de la ciudad de El Alto y ratifican que la protesta es por la poca o nula atenci\u00f3n que recibieron las unidades educativas. La alcaldesa Eva Copa pidi\u00f3 al sector \u201centrar en la racionalidad\u201d y asegur\u00f3 [&hellip;]<\/p>\n","protected":false},"author":4,"featured_media":28664,"comment_status":"open","ping_status":"open","sticky":false,"template":"","format":"standard","meta":{"footnotes":""},"categories":[49],"tags":[],"class_list":{"0":"post-28663","1":"post","2":"type-post","3":"status-publish","4":"format-standard","5":"has-post-thumbnail","7":"category-social"},"_links":{"self":[{"href":"https:\/\/jms.com.bo\/mediamonitor\/wp-json\/wp\/v2\/posts\/28663","targetHints":{"allow":["GET"]}}],"collection":[{"href":"https:\/\/jms.com.bo\/mediamonitor\/wp-json\/wp\/v2\/posts"}],"about":[{"href":"https:\/\/jms.com.bo\/mediamonitor\/wp-json\/wp\/v2\/types\/post"}],"author":[{"embeddable":true,"href":"https:\/\/jms.com.bo\/mediamonitor\/wp-json\/wp\/v2\/users\/4"}],"replies":[{"embeddable":true,"href":"https:\/\/jms.com.bo\/mediamonitor\/wp-json\/wp\/v2\/comments?post=28663"}],"version-history":[{"count":0,"href":"https:\/\/jms.com.bo\/mediamonitor\/wp-json\/wp\/v2\/posts\/28663\/revisions"}],"wp:featuredmedia":[{"embeddable":true,"href":"https:\/\/jms.com.bo\/mediamonitor\/wp-json\/wp\/v2\/media\/28664"}],"wp:attachment":[{"href":"https:\/\/jms.com.bo\/mediamonitor\/wp-json\/wp\/v2\/media?parent=28663"}],"wp:term":[{"taxonomy":"category","embeddable":true,"href":"https:\/\/jms.com.bo\/mediamonitor\/wp-json\/wp\/v2\/categories?post=28663"},{"taxonomy":"post_tag","embeddable":true,"href":"https:\/\/jms.com.bo\/mediamonitor\/wp-json\/wp\/v2\/tags?post=28663"}],"curies":[{"name":"wp","href":"https:\/\/api.w.org\/{rel}","templated":true}]}}