{"id":28665,"date":"2022-06-08T06:51:19","date_gmt":"2022-06-08T10:51:19","guid":{"rendered":"https:\/\/jms.com.bo\/mediamonitor\/2022\/06\/08\/transporte-pesado-rechaza-posible-bloqueo-en-chapare\/"},"modified":"2022-06-08T06:51:19","modified_gmt":"2022-06-08T10:51:19","slug":"transporte-pesado-rechaza-posible-bloqueo-en-chapare","status":"publish","type":"post","link":"https:\/\/jms.com.bo\/mediamonitor\/2022\/06\/08\/transporte-pesado-rechaza-posible-bloqueo-en-chapare\/","title":{"rendered":"Transporte pesado rechaza posible bloqueo en Chapare"},"content":{"rendered":"<p style=\"text-align: justify;\">El dirigente del Transporte Pesado, Juan Yujra, asegur\u00f3 que su sector rechaza un posible bloqueo en Chapare y sostuvo que su sector, parte importante de la recuperaci\u00f3n econ\u00f3mica, es el m\u00e1s perjudicado luego de los \u00faltimos bloqueos que se registraron en San Juli\u00e1n y despu\u00e9s en Cuatro Ca\u00f1adas hace tres semanas.<\/p>\n<p style=\"text-align: justify;\">\u201cEl transporte es el m\u00e1s perjudicado de todo el pa\u00eds, porque aparece este bloqueo de un lado, se cierra eso y otro bloqueo aparece; entonces creo que aqu\u00ed el Gobierno tiene que poner un punto final\u201d, sostuvo Yujra a radio Fides.<\/p>\n<p style=\"text-align: justify;\">La protesta de los transportistas surgi\u00f3 luego que sectores sociales del Tr\u00f3pico de Cochabamba anuncien un bloqueo de carreteras si el presidente Luis Arce no destituye a su ministro de Gobierno, Eduardo del Castillo. La amenaza sali\u00f3 el pasado fin de semana, cuando apenas se estaba levantando el bloqueo de cuatro d\u00edas sobre la carretera Santa Cruz \u2013 Beni \u2013 Brasil tomada por pobladores de Cuatro Ca\u00f1adas.<\/p>\n<p style=\"text-align: justify;\">\u201cEso es lo lamentable, tenemos que hacer saber a la poblaci\u00f3n, y por qu\u00e9 no decirlo al mundo entero, este pa\u00eds ya es un pa\u00eds tranca, un pa\u00eds de bloqueos, donde la verdad ya no sabes qu\u00e9 hacer porque hablamos de levantar la econom\u00eda, pero as\u00ed, a este paso, nunca vamos a levantar la econom\u00eda. Las autoridades de Gobierno deber\u00edan poner un alto a esta situaci\u00f3n porque est\u00e1n haciendo un bloqueo escalonado. Primero lo han hecho en San Juli\u00e1n, luego en Cuatro Ca\u00f1adas, ahora no nos olvidemos que se ha pronunciado los alcaldes de los valles que son afines al Gobierno, \u00bfpor qu\u00e9 no hacen sus pedidos conjuntamente?, est\u00e1n haciendo un bloqueo escalonado\u201d, cuestion\u00f3 el dirigente de transporte pesado.<\/p>\n<p style=\"text-align: justify;\">Para el transportista, los bloqueos en Santa Cruz tuvieron un tinte pol\u00edtico porque las demandas de los pobladores de San Juli\u00e1n y Cuatro Ca\u00f1adas se vienen arrastrando desde el 2015 y no existieron estas medidas de presi\u00f3n durante las gestiones de las anteriores autoridades.<\/p>\n<p style=\"text-align: justify;\">Los bloqueos en San Juli\u00e1n y Cuatro Ca\u00f1adas demandaron al gobernador de Santa Cruz, Fernando Camacho, la construcci\u00f3n de carreteras, asignaci\u00f3n presupuestaria y desayuno escolar.<\/p>\n","protected":false},"excerpt":{"rendered":"<p>El dirigente del Transporte Pesado, Juan Yujra, asegur\u00f3 que su sector rechaza un posible bloqueo en Chapare y sostuvo que su sector, parte importante de la recuperaci\u00f3n econ\u00f3mica, es el m\u00e1s perjudicado luego de los \u00faltimos bloqueos que se registraron en San Juli\u00e1n y despu\u00e9s en Cuatro Ca\u00f1adas hace tres semanas. \u201cEl transporte es el [&hellip;]<\/p>\n","protected":false},"author":4,"featured_media":0,"comment_status":"open","ping_status":"open","sticky":false,"template":"","format":"standard","meta":{"footnotes":""},"categories":[49],"tags":[],"class_list":{"0":"post-28665","1":"post","2":"type-post","3":"status-publish","4":"format-standard","6":"category-social"},"_links":{"self":[{"href":"https:\/\/jms.com.bo\/mediamonitor\/wp-json\/wp\/v2\/posts\/28665","targetHints":{"allow":["GET"]}}],"collection":[{"href":"https:\/\/jms.com.bo\/mediamonitor\/wp-json\/wp\/v2\/posts"}],"about":[{"href":"https:\/\/jms.com.bo\/mediamonitor\/wp-json\/wp\/v2\/types\/post"}],"author":[{"embeddable":true,"href":"https:\/\/jms.com.bo\/mediamonitor\/wp-json\/wp\/v2\/users\/4"}],"replies":[{"embeddable":true,"href":"https:\/\/jms.com.bo\/mediamonitor\/wp-json\/wp\/v2\/comments?post=28665"}],"version-history":[{"count":0,"href":"https:\/\/jms.com.bo\/mediamonitor\/wp-json\/wp\/v2\/posts\/28665\/revisions"}],"wp:attachment":[{"href":"https:\/\/jms.com.bo\/mediamonitor\/wp-json\/wp\/v2\/media?parent=28665"}],"wp:term":[{"taxonomy":"category","embeddable":true,"href":"https:\/\/jms.com.bo\/mediamonitor\/wp-json\/wp\/v2\/categories?post=28665"},{"taxonomy":"post_tag","embeddable":true,"href":"https:\/\/jms.com.bo\/mediamonitor\/wp-json\/wp\/v2\/tags?post=28665"}],"curies":[{"name":"wp","href":"https:\/\/api.w.org\/{rel}","templated":true}]}}