{"id":28666,"date":"2022-06-08T06:53:44","date_gmt":"2022-06-08T10:53:44","guid":{"rendered":"https:\/\/jms.com.bo\/mediamonitor\/2022\/06\/08\/comerciantes-paralizan-la-ciudad-y-crece-el-descontrol-en-los-espacios-publicos\/"},"modified":"2022-06-08T06:53:44","modified_gmt":"2022-06-08T10:53:44","slug":"comerciantes-paralizan-la-ciudad-y-crece-el-descontrol-en-los-espacios-publicos","status":"publish","type":"post","link":"https:\/\/jms.com.bo\/mediamonitor\/2022\/06\/08\/comerciantes-paralizan-la-ciudad-y-crece-el-descontrol-en-los-espacios-publicos\/","title":{"rendered":"Comerciantes paralizan la ciudad y crece el descontrol en los espacios p\u00fablicos"},"content":{"rendered":"<p style=\"text-align: justify;\">Caos vehicular, desorden y quejas de la ciudadan\u00eda fue lo que desataron ayer los bloqueos organizados por los gremiales durante casi ocho horas, en el segundo anillo y otros puntos de la ciudad.<\/p>\n<p style=\"text-align: justify;\">Mientras unos se manifestaban en contra de los ambulantes, estos \u00faltimos aprovechaban para ocupar los espacios p\u00fablicos que fueron despejados durante el traslado a los nuevos mercados.<\/p>\n<p style=\"text-align: justify;\">La medida de presi\u00f3n asumida por las federaciones de gremiales de los diferentes mercados para que la Alcald\u00eda aplique la Ley 136 puso de cabeza a la ciudad, generando caos vehicular y la molestia de la poblaci\u00f3n que vio alterada su jornada desde tempranas horas de la ma\u00f1ana hasta promediar las 14:00.<\/p>\n<p style=\"text-align: justify;\">Los comerciantes tomaron las rotondas del segundo anillo, lo que tom\u00f3 por sorpresa a los conductores que se vieron obligados a desviar su ruta habitual. Muchos quedaron atrapados por m\u00e1s de una hora en medio del embotellamiento, que llegaba hasta el tercer anillo. En su af\u00e1n por escapar del caos, los conductores no respetaban ni el sentido de las rutas y menos los camellones.<\/p>\n<p style=\"text-align: justify;\">Es m\u00e1s, la Polic\u00eda tuvo que intervenir para ayudar con las salidas alternativas. \u201cNo puede ser que se permita este tipo de perjuicio a la poblaci\u00f3n. As\u00ed como ellos, nosotros tambi\u00e9n tenemos derecho al trabajo y esto es un atraso en nuestras fuentes de empleo\u201d, reclam\u00f3 Rolando Siles, trabajador de una empresa de servicios en telecomunicaciones.<\/p>\n<p style=\"text-align: justify;\">Miriam Peralta, madre de tres ni\u00f1os, cree que es necesario poner freno a los ambulantes, pero no apoya los bloqueos. \u201cDeber\u00edan ir a reclamar directo al alcalde, a su oficina y no perjudicar al ciudadano, porque de paso ellos tambi\u00e9n son afectados\u201d, apunt\u00f3 desde su veh\u00edculo, que llevaba m\u00e1s de media hora intentando sortear alguna salida para llegar hasta el colegio de sus hijos.<\/p>\n<p style=\"text-align: justify;\">Aunque los efectivos policiales aseguraron que se trat\u00f3 de una medida pac\u00edfica, permanecieron en puntos estrat\u00e9gicos no solo para ayudar a los conductores, sino tambi\u00e9n para evitar cualquier tipo de enfrentamiento.<\/p>\n<p style=\"text-align: justify;\">Comerciantes con puestos<br \/>\nComerciantes de la Asociaci\u00f3n 1 de Marzo, que bloqueaban la intersecci\u00f3n del segundo anillo y avenida Pira\u00ed, reclamaban que la Alcald\u00eda ponga orden en las calles adyacentes a los mercados, que han sido tomadas por los ambulantes.<\/p>\n<p style=\"text-align: justify;\">\u201cCost\u00f3 mucho ordenar los mercados, pero lo lograron. Dur\u00f3 unos meses y ahora la situaci\u00f3n es peor que antes. A nosotros nos obligan a estar en un puesto fijo, por el que pagamos una tasa y no puede ser que otros se aprovechen de los espacios p\u00fablicos, no paguen nada y de paso nos quiten a la clientela\u201d, dijo una comerciante.<\/p>\n<p style=\"text-align: justify;\">El reclamo es porque a cuatro a\u00f1os del traslado de vendedores a los nuevos mercados, nuevamente reina el descontrol en los espacios p\u00fablicos en los centros de abastecimiento antiguos.<\/p>\n<p style=\"text-align: justify;\">Los asentamientos han rebasado el control municipal, porque ni bien pasan las batidas, los ambulantes vuelven a tomar la v\u00eda p\u00fablicas. En algunos puntos cr\u00edticos, como en la zona de la rotonda del Plan Tres Mil, los mismos vendedores reconocen que el control municipal no llega hace tiempo.<\/p>\n<p style=\"text-align: justify;\">Realidad palpable<\/p>\n<p style=\"text-align: justify;\">En la Ramada, a solo unas cuadras del caos generado por los bloqueos, los ambulantes operaban en las calles. El descontrol no solo afecta a este mercado, sino tambi\u00e9n al antiguo Los Pozos, a la zona de la rotonda del Plan Tres Mil y otros centros de abastecimiento.<\/p>\n<p style=\"text-align: justify;\">Aceras y calzadas han sido tomadas por completo por vendedores que exponen sus productos sin respetar ning\u00fan tipo de norma, ni medida de salud o bioseguridad.<br \/>\nCarnes, verduras, abarrotes, ropa, calzados, comida para animales, frutas y otros productos son expuestos a la vista del cliente hasta dos metros sobre la calzada, por aproximadamente unas seis cuadras, en la avenida Transcontinental del Plan Tres Mil, lo que deja reducido el tr\u00e1nsito vehicular a solo uno de los dos carriles.<\/p>\n<p style=\"text-align: justify;\">Pero, por si eso no fuera poco, el camell\u00f3n central de esa misma ruta est\u00e1 tomado tambi\u00e9n por los comerciantes. En el lugar, la osad\u00eda de los ambulantes lleva a cerrar una calle completa para la venta de carnes, abarrotes y frutas.<\/p>\n<p style=\"text-align: justify;\">Similar situaci\u00f3n se verific\u00f3 en La Ramada antigua, donde las calles Chan\u00e9, Muchir\u00ed, Ambor\u00f3, Terebinto y, sobre todo, la Sut\u00f3 est\u00e1n invadidas por los ambulantes de diferentes sectores, que venden desde ropa hasta utensilios de cocina.<\/p>\n<p style=\"text-align: justify;\">All\u00ed tambi\u00e9n funciona una especie de feria nocturna, donde comerciantes toman el camell\u00f3n central y parte de la calzada de la avenida Grigot\u00e1 para vender su mercader\u00eda.<\/p>\n<p style=\"text-align: justify;\">Acuerdo<\/p>\n<p style=\"text-align: justify;\">La protesta de los comerciantes consigui\u00f3 que el alcalde Jhonny Fern\u00e1ndez reciba a la dirigencia en la Quinta Municipal, donde tambi\u00e9n se instal\u00f3 un bloqueo en el cuarto anillo. Tras m\u00e1s de una hora de di\u00e1logo, se firm\u00f3 un acuerdo, en el que el burgomaestre se compromete a revisar las normas municipales relacionadas a los mercados y espacios p\u00fablicos, adem\u00e1s de instalar mesas de trabajo con el sector a partir del 15 de este mes.<\/p>\n<p style=\"text-align: justify;\">\u201cLa Ley 136 tiene doce pol\u00edticas claras y si hay que hacer ajustes, lo haremos\u201d, adelant\u00f3 Fern\u00e1ndez, a tiempo de remarcar que entre las prioridades que tiene como primera autoridad del municipio est\u00e1 \u201crecuperar los espacios que han sido tomados ilegalmente\u201d por los vendedores ambulantes, tal y como demandaban los manifestantes. \u201cLos espacios recuperados son innegociables\u201d, afirm\u00f3 el alcalde.<br \/>\nAnunci\u00f3 que se reforzar\u00e1 la vigilancia para hacer respetar el espacio p\u00fablico.<\/p>\n<p style=\"text-align: justify;\">Problema<\/p>\n<p style=\"text-align: justify;\">Para el analista urbano, Rolando Schrupp, el problema de fondo es una pugna por espacios de privilegios en una ciudad dirigida por los pol\u00edticos y no por los ciudadanos, como deber\u00eda ser.<\/p>\n<p style=\"text-align: justify;\">\u201cHoy lo podemos ver con un sector gremial semi formal y un emergente, se da m\u00e1s o menos una pugna por espacios de privilegio\u201d, indic\u00f3.<\/p>\n<p style=\"text-align: justify;\">\u201cEl meollo del asunto no es el sector gremial, sino el sistema pol\u00edtico. Para ello, se debe volver a equilibrar el balance del poder, se debe incluir al ciudadano a trav\u00e9s de una democracia profunda. Se necesita una junta de planificaci\u00f3n urbana, en la que el alcalde sea solo el ejecutor de las pol\u00edticas<br \/>\np\u00fablicas\u201d, se\u00f1al\u00f3.<\/p>\n","protected":false},"excerpt":{"rendered":"<p>Caos vehicular, desorden y quejas de la ciudadan\u00eda fue lo que desataron ayer los bloqueos organizados por los gremiales durante casi ocho horas, en el segundo anillo y otros puntos de la ciudad. Mientras unos se manifestaban en contra de los ambulantes, estos \u00faltimos aprovechaban para ocupar los espacios p\u00fablicos que fueron despejados durante el [&hellip;]<\/p>\n","protected":false},"author":4,"featured_media":28667,"comment_status":"open","ping_status":"open","sticky":false,"template":"","format":"standard","meta":{"footnotes":""},"categories":[49],"tags":[],"class_list":{"0":"post-28666","1":"post","2":"type-post","3":"status-publish","4":"format-standard","5":"has-post-thumbnail","7":"category-social"},"_links":{"self":[{"href":"https:\/\/jms.com.bo\/mediamonitor\/wp-json\/wp\/v2\/posts\/28666","targetHints":{"allow":["GET"]}}],"collection":[{"href":"https:\/\/jms.com.bo\/mediamonitor\/wp-json\/wp\/v2\/posts"}],"about":[{"href":"https:\/\/jms.com.bo\/mediamonitor\/wp-json\/wp\/v2\/types\/post"}],"author":[{"embeddable":true,"href":"https:\/\/jms.com.bo\/mediamonitor\/wp-json\/wp\/v2\/users\/4"}],"replies":[{"embeddable":true,"href":"https:\/\/jms.com.bo\/mediamonitor\/wp-json\/wp\/v2\/comments?post=28666"}],"version-history":[{"count":0,"href":"https:\/\/jms.com.bo\/mediamonitor\/wp-json\/wp\/v2\/posts\/28666\/revisions"}],"wp:featuredmedia":[{"embeddable":true,"href":"https:\/\/jms.com.bo\/mediamonitor\/wp-json\/wp\/v2\/media\/28667"}],"wp:attachment":[{"href":"https:\/\/jms.com.bo\/mediamonitor\/wp-json\/wp\/v2\/media?parent=28666"}],"wp:term":[{"taxonomy":"category","embeddable":true,"href":"https:\/\/jms.com.bo\/mediamonitor\/wp-json\/wp\/v2\/categories?post=28666"},{"taxonomy":"post_tag","embeddable":true,"href":"https:\/\/jms.com.bo\/mediamonitor\/wp-json\/wp\/v2\/tags?post=28666"}],"curies":[{"name":"wp","href":"https:\/\/api.w.org\/{rel}","templated":true}]}}