{"id":28669,"date":"2022-06-08T06:54:53","date_gmt":"2022-06-08T10:54:53","guid":{"rendered":"https:\/\/jms.com.bo\/mediamonitor\/2022\/06\/08\/anapo-reporta-disminucion-en-la-siembra-de-trigo-y-alerta-deficit-de-hasta-500-000-toneladas-para-este-ano\/"},"modified":"2022-06-08T06:54:53","modified_gmt":"2022-06-08T10:54:53","slug":"anapo-reporta-disminucion-en-la-siembra-de-trigo-y-alerta-deficit-de-hasta-500-000-toneladas-para-este-ano","status":"publish","type":"post","link":"https:\/\/jms.com.bo\/mediamonitor\/2022\/06\/08\/anapo-reporta-disminucion-en-la-siembra-de-trigo-y-alerta-deficit-de-hasta-500-000-toneladas-para-este-ano\/","title":{"rendered":"Anapo reporta disminuci\u00f3n en la siembra de trigo y alerta d\u00e9ficit de hasta 500.000 toneladas para este a\u00f1o"},"content":{"rendered":"<p style=\"text-align: justify;\">Bolivia continuar\u00e1 importando trigo y otros derivados del grano en lo que resta de este a\u00f1o. Al menos esa es la conclusi\u00f3n de la Asociaci\u00f3n de Productores de Oleaginosas y Trigo (Anapo) porque en la campa\u00f1a de invierno hubo una disminuci\u00f3n en la siembra por lo que prev\u00e9 un d\u00e9ficit en la producci\u00f3n nacional.<\/p>\n<p style=\"text-align: justify;\">Los productores sembraron al menos 105 mil hect\u00e1reas de las 130.000 previstas para esta campa\u00f1a y 20 mil hect\u00e1reas menos que el a\u00f1o pasado.<\/p>\n<p style=\"text-align: justify;\">\u00abEl a\u00f1o pasado se sembraron unas 125 mil hect\u00e1reas de trigo en la campa\u00f1a de invierno, (ahora) estamos en una superficie inferior\u00bb, inform\u00f3 el gerente de Anapo, Jaime Hern\u00e1ndez, a la red Unitel.<\/p>\n<p style=\"text-align: justify;\">Un factor determinante, seg\u00fan refiri\u00f3, fue la sequ\u00eda que se registr\u00f3 fundamentalmente en el mes de mayo. En condiciones normales se tiene previsto alcanzar una producci\u00f3n de entre 180 a 200 mil toneladas de trigo, pero si la sequ\u00eda persiste esta cantidad mermar\u00eda.<\/p>\n<p style=\"text-align: justify;\">\u00abSi hay una afectaci\u00f3n de sequ\u00eda como se est\u00e1 dando en estos momentos con seguridad que esa producci\u00f3n se podr\u00eda ver reducida dr\u00e1sticamente al momento de la cosecha. Estas 180 mil toneladas cubrir\u00e1 cerca del 25% de la demanda nacional\u00bb report\u00f3 Hern\u00e1ndez.<\/p>\n<p style=\"text-align: justify;\">La demanda nacional estimada es de 700 mil toneladas de trigo por lo que el Gobierno deber\u00e1 importar el 75% del producto para garantizar la provisi\u00f3n de harina y otros insumos derivados de este producto.<\/p>\n","protected":false},"excerpt":{"rendered":"<p>Bolivia continuar\u00e1 importando trigo y otros derivados del grano en lo que resta de este a\u00f1o. Al menos esa es la conclusi\u00f3n de la Asociaci\u00f3n de Productores de Oleaginosas y Trigo (Anapo) porque en la campa\u00f1a de invierno hubo una disminuci\u00f3n en la siembra por lo que prev\u00e9 un d\u00e9ficit en la producci\u00f3n nacional. Los [&hellip;]<\/p>\n","protected":false},"author":4,"featured_media":28670,"comment_status":"open","ping_status":"open","sticky":false,"template":"","format":"standard","meta":{"footnotes":""},"categories":[20],"tags":[],"class_list":{"0":"post-28669","1":"post","2":"type-post","3":"status-publish","4":"format-standard","5":"has-post-thumbnail","7":"category-actualidad"},"_links":{"self":[{"href":"https:\/\/jms.com.bo\/mediamonitor\/wp-json\/wp\/v2\/posts\/28669","targetHints":{"allow":["GET"]}}],"collection":[{"href":"https:\/\/jms.com.bo\/mediamonitor\/wp-json\/wp\/v2\/posts"}],"about":[{"href":"https:\/\/jms.com.bo\/mediamonitor\/wp-json\/wp\/v2\/types\/post"}],"author":[{"embeddable":true,"href":"https:\/\/jms.com.bo\/mediamonitor\/wp-json\/wp\/v2\/users\/4"}],"replies":[{"embeddable":true,"href":"https:\/\/jms.com.bo\/mediamonitor\/wp-json\/wp\/v2\/comments?post=28669"}],"version-history":[{"count":0,"href":"https:\/\/jms.com.bo\/mediamonitor\/wp-json\/wp\/v2\/posts\/28669\/revisions"}],"wp:featuredmedia":[{"embeddable":true,"href":"https:\/\/jms.com.bo\/mediamonitor\/wp-json\/wp\/v2\/media\/28670"}],"wp:attachment":[{"href":"https:\/\/jms.com.bo\/mediamonitor\/wp-json\/wp\/v2\/media?parent=28669"}],"wp:term":[{"taxonomy":"category","embeddable":true,"href":"https:\/\/jms.com.bo\/mediamonitor\/wp-json\/wp\/v2\/categories?post=28669"},{"taxonomy":"post_tag","embeddable":true,"href":"https:\/\/jms.com.bo\/mediamonitor\/wp-json\/wp\/v2\/tags?post=28669"}],"curies":[{"name":"wp","href":"https:\/\/api.w.org\/{rel}","templated":true}]}}