{"id":28671,"date":"2022-06-08T06:56:41","date_gmt":"2022-06-08T10:56:41","guid":{"rendered":"https:\/\/jms.com.bo\/mediamonitor\/2022\/06\/08\/gobierno-pagara-a-precio-real-el-oro-de-las-cooperativas-auriferas-segun-ferreco\/"},"modified":"2022-06-08T06:56:41","modified_gmt":"2022-06-08T10:56:41","slug":"gobierno-pagara-a-precio-real-el-oro-de-las-cooperativas-auriferas-segun-ferreco","status":"publish","type":"post","link":"https:\/\/jms.com.bo\/mediamonitor\/2022\/06\/08\/gobierno-pagara-a-precio-real-el-oro-de-las-cooperativas-auriferas-segun-ferreco\/","title":{"rendered":"Gobierno pagar\u00e1 a \u201cprecio real\u201d el oro de las cooperativas aur\u00edferas, seg\u00fan Ferreco"},"content":{"rendered":"<p style=\"text-align: justify;\">El mineral que las cooperativas aur\u00edferas vendan al Gobierno para incrementar las reservas internacionales netas (RIN) en oro se pagar\u00e1 a \u201cprecio real, a la cotizaci\u00f3n del d\u00eda\u201d, inform\u00f3 el presidente de la a Federaci\u00f3n Regional de Cooperativas Mineras Aur\u00edferas (Ferreco), Eloy Sirpa, quien insisti\u00f3 es que ese es el compromiso de las autoridades.<\/p>\n<p style=\"text-align: justify;\">El convenio entre Ferreco y la Federaci\u00f3n de Cooperativas Mineras Aur\u00edferas (Fecoman) da luz verde, seg\u00fan el presidente Luis Arce, al tratamiento en la Asamblea Legislativa del proyecto de Ley del Oro de Producci\u00f3n Nacional, que permitir\u00e1 fortalecer las RIN que administra el Banco Central de Bolivia (BCB).<\/p>\n<p style=\"text-align: justify;\">Tras la promulgaci\u00f3n de esta norma, \u201ctodo\u201d el oro que se extrae en el pa\u00eds, o al menos el que explotan Ferreco y Fecoman, \u201cse va centralizar\u201d para su venta al BCB. \u201cPero hay una condici\u00f3n\u201d, subray\u00f3 Sirpa.<\/p>\n<p style=\"text-align: justify;\">\u201cLas comercializadoras no te pagan el precio real y el Gobierno se ha comprometido mediante el Ministerio de Econom\u00eda a pagar el precio real, (a pagar) a la cotizaci\u00f3n del d\u00eda, de acuerdo a la situaci\u00f3n\u201d, revel\u00f3 el dirigente.<\/p>\n<p style=\"text-align: justify;\">El acuerdo se alcanza en momento pol\u00e9mico para las reservas internacionales y tras conocerse que el ente emisor gestiona la aprobaci\u00f3n de una norma que lo autorice a comprar oro nacional y a realizar operaciones con las reservas de oro en mercado internacionales.<\/p>\n<p style=\"text-align: justify;\">Al 24 de mayo, las reservas de oro representaban el 54,7% del total de las RIN, los d\u00f3lares y otras divisas el 33% y los derechos especiales de giro y posici\u00f3n con el Fondo Monetario Internacional el 12,2%. Este respaldo de la econom\u00eda del pa\u00eds se encuentra actualmente en $us 4.686 millones, tras haber alcanzado un pico de 15.122 millones en 2014.<\/p>\n<p style=\"text-align: justify;\">La Federaci\u00f3n Nacional de Cooperativas Mineras de Bolivia (Fencomin) calific\u00f3 el acuerdo entre Ferreco y el Ejecutivo como \u201carbitrario\u201d, y \u201cno consensuado\u201d, y anticip\u00f3 que evaluar\u00e1 esa decisi\u00f3n en un ampliado nacional que se llevar\u00e1 a cabo el jueves pr\u00f3ximo, en Oruro.<\/p>\n<p style=\"text-align: justify;\">\u201cUna federaci\u00f3n regional no es la que va a definir\u201d estos temas, subray\u00f3 el presidente de Fencomin, Octavio Ramos, tras indicar que hay cooperativas aur\u00edferas en todos los departamentos del pa\u00eds.<\/p>\n<p style=\"text-align: justify;\">\u201cFencomin desde un inicio se ha opuesto a este proyecto (de Ley del Oro de Producci\u00f3n Nacional), desde el momento en que el Ejecutivo lo ha hecho conocer\u201d, asever\u00f3 Sirpa.<\/p>\n<p style=\"text-align: justify;\">El Anuario Estad\u00edstico 2021 del Ministerio de Miner\u00eda y Metalurgia da cuenta que las cooperativas producen el 94% del oro nacional. De total de ese mineral, el 76% se extrae en La Paz (donde operan Ferreco y Fecoman), el 21% en Beni y el 1% en Pando, Cochabamba y Potos\u00ed, respectivamente.<\/p>\n<p style=\"text-align: justify;\">El a\u00f1o pasado se exportaron 45,7 toneladas de oro por $us 2.626 millones, el volumen y el valor m\u00e1s altos en los \u00faltimos cinco a\u00f1os.<\/p>\n","protected":false},"excerpt":{"rendered":"<p>El mineral que las cooperativas aur\u00edferas vendan al Gobierno para incrementar las reservas internacionales netas (RIN) en oro se pagar\u00e1 a \u201cprecio real, a la cotizaci\u00f3n del d\u00eda\u201d, inform\u00f3 el presidente de la a Federaci\u00f3n Regional de Cooperativas Mineras Aur\u00edferas (Ferreco), Eloy Sirpa, quien insisti\u00f3 es que ese es el compromiso de las autoridades. El [&hellip;]<\/p>\n","protected":false},"author":4,"featured_media":28672,"comment_status":"open","ping_status":"open","sticky":false,"template":"","format":"standard","meta":{"footnotes":""},"categories":[20],"tags":[],"class_list":{"0":"post-28671","1":"post","2":"type-post","3":"status-publish","4":"format-standard","5":"has-post-thumbnail","7":"category-actualidad"},"_links":{"self":[{"href":"https:\/\/jms.com.bo\/mediamonitor\/wp-json\/wp\/v2\/posts\/28671","targetHints":{"allow":["GET"]}}],"collection":[{"href":"https:\/\/jms.com.bo\/mediamonitor\/wp-json\/wp\/v2\/posts"}],"about":[{"href":"https:\/\/jms.com.bo\/mediamonitor\/wp-json\/wp\/v2\/types\/post"}],"author":[{"embeddable":true,"href":"https:\/\/jms.com.bo\/mediamonitor\/wp-json\/wp\/v2\/users\/4"}],"replies":[{"embeddable":true,"href":"https:\/\/jms.com.bo\/mediamonitor\/wp-json\/wp\/v2\/comments?post=28671"}],"version-history":[{"count":0,"href":"https:\/\/jms.com.bo\/mediamonitor\/wp-json\/wp\/v2\/posts\/28671\/revisions"}],"wp:featuredmedia":[{"embeddable":true,"href":"https:\/\/jms.com.bo\/mediamonitor\/wp-json\/wp\/v2\/media\/28672"}],"wp:attachment":[{"href":"https:\/\/jms.com.bo\/mediamonitor\/wp-json\/wp\/v2\/media?parent=28671"}],"wp:term":[{"taxonomy":"category","embeddable":true,"href":"https:\/\/jms.com.bo\/mediamonitor\/wp-json\/wp\/v2\/categories?post=28671"},{"taxonomy":"post_tag","embeddable":true,"href":"https:\/\/jms.com.bo\/mediamonitor\/wp-json\/wp\/v2\/tags?post=28671"}],"curies":[{"name":"wp","href":"https:\/\/api.w.org\/{rel}","templated":true}]}}