{"id":28673,"date":"2022-06-08T06:57:54","date_gmt":"2022-06-08T10:57:54","guid":{"rendered":"https:\/\/jms.com.bo\/mediamonitor\/2022\/06\/08\/arandia-confirma-renuncia-al-ine-asegura-que-realizacion-del-censo-esta-garantizada\/"},"modified":"2022-06-08T06:57:54","modified_gmt":"2022-06-08T10:57:54","slug":"arandia-confirma-renuncia-al-ine-asegura-que-realizacion-del-censo-esta-garantizada","status":"publish","type":"post","link":"https:\/\/jms.com.bo\/mediamonitor\/2022\/06\/08\/arandia-confirma-renuncia-al-ine-asegura-que-realizacion-del-censo-esta-garantizada\/","title":{"rendered":"Arandia confirma renuncia al INE, asegura que realizaci\u00f3n del censo est\u00e1 garantizada"},"content":{"rendered":"<p style=\"text-align: justify;\">El director del Instituto Nacional de Estad\u00edstica (INE), Humberto Arandia, confirm\u00f3 que present\u00f3 su carta de renuncia al presidente Luis Arce debido a los problemas de salud que atraviesa, sin embargo aclar\u00f3 que el censo de noviembre est\u00e1 en curso y su eventual alejamiento no implicar\u00e1 modificaci\u00f3n alguna al cronograma establecido.<\/p>\n<p style=\"text-align: justify;\">\u201cLamentablemente, seg\u00fan el criterio m\u00e9dico que tengo emitido voy a requerir m\u00e1s intervenciones quir\u00fargicas, pero (su situaci\u00f3n) es una decisi\u00f3n que se encuentra a cargo del presidente (Arce)\u201d, afirm\u00f3 en una entrevista en el canal estatal.<\/p>\n<p style=\"text-align: justify;\">En horas de la noche circul\u00f3 en redes sociales una carta atribuida a Arandia sobre su renuncia al cargo que ejerce desde noviembre de 2020.<\/p>\n<p style=\"text-align: justify;\">En la entrevista confirm\u00f3 la veracidad del tenor de esa misiva dirigida a Arce y con fecha de recepci\u00f3n del 9 de mayo.<\/p>\n<p style=\"text-align: justify;\">\u201cDesde principios de mayo me encuentro con baja m\u00e9dica, lamentablemente sufr\u00ed un accidente donde tuve problemas bastante serios en la rodilla y ligamentos. Tambi\u00e9n estaba acompa\u00f1ado por problemas neurol\u00f3gicos que he tenido en meses pasados\u201d, insisti\u00f3 y confirm\u00f3: \u201cS\u00ed, esta carta la present\u00e9 evidentemente hace bastante tiempo\u201d.<\/p>\n<p style=\"text-align: justify;\">Esta situaci\u00f3n se da a cinco meses de la realizaci\u00f3n del censo del 16 de noviembre. Arandia asegur\u00f3 que la organizaci\u00f3n de ese desaf\u00edo depende de un grupo de personas y que su realizaci\u00f3n est\u00e1 garantizada.<\/p>\n<p style=\"text-align: justify;\">\u201cEl censo en primera instancia es un trabajo en curso y segundo, desde un punto de vista t\u00e9cnico, se encuentra garantizado y realizado por los mejores profesionales que existen en el pa\u00eds\u201d, insisti\u00f3.<\/p>\n","protected":false},"excerpt":{"rendered":"<p>El director del Instituto Nacional de Estad\u00edstica (INE), Humberto Arandia, confirm\u00f3 que present\u00f3 su carta de renuncia al presidente Luis Arce debido a los problemas de salud que atraviesa, sin embargo aclar\u00f3 que el censo de noviembre est\u00e1 en curso y su eventual alejamiento no implicar\u00e1 modificaci\u00f3n alguna al cronograma establecido. \u201cLamentablemente, seg\u00fan el criterio [&hellip;]<\/p>\n","protected":false},"author":4,"featured_media":28674,"comment_status":"open","ping_status":"open","sticky":false,"template":"","format":"standard","meta":{"footnotes":""},"categories":[20,47,48],"tags":[],"class_list":{"0":"post-28673","1":"post","2":"type-post","3":"status-publish","4":"format-standard","5":"has-post-thumbnail","7":"category-actualidad","8":"category-portada-actualidad","9":"category-portada-general-sitio"},"_links":{"self":[{"href":"https:\/\/jms.com.bo\/mediamonitor\/wp-json\/wp\/v2\/posts\/28673","targetHints":{"allow":["GET"]}}],"collection":[{"href":"https:\/\/jms.com.bo\/mediamonitor\/wp-json\/wp\/v2\/posts"}],"about":[{"href":"https:\/\/jms.com.bo\/mediamonitor\/wp-json\/wp\/v2\/types\/post"}],"author":[{"embeddable":true,"href":"https:\/\/jms.com.bo\/mediamonitor\/wp-json\/wp\/v2\/users\/4"}],"replies":[{"embeddable":true,"href":"https:\/\/jms.com.bo\/mediamonitor\/wp-json\/wp\/v2\/comments?post=28673"}],"version-history":[{"count":0,"href":"https:\/\/jms.com.bo\/mediamonitor\/wp-json\/wp\/v2\/posts\/28673\/revisions"}],"wp:featuredmedia":[{"embeddable":true,"href":"https:\/\/jms.com.bo\/mediamonitor\/wp-json\/wp\/v2\/media\/28674"}],"wp:attachment":[{"href":"https:\/\/jms.com.bo\/mediamonitor\/wp-json\/wp\/v2\/media?parent=28673"}],"wp:term":[{"taxonomy":"category","embeddable":true,"href":"https:\/\/jms.com.bo\/mediamonitor\/wp-json\/wp\/v2\/categories?post=28673"},{"taxonomy":"post_tag","embeddable":true,"href":"https:\/\/jms.com.bo\/mediamonitor\/wp-json\/wp\/v2\/tags?post=28673"}],"curies":[{"name":"wp","href":"https:\/\/api.w.org\/{rel}","templated":true}]}}