{"id":28675,"date":"2022-06-08T06:59:07","date_gmt":"2022-06-08T10:59:07","guid":{"rendered":"https:\/\/jms.com.bo\/mediamonitor\/2022\/06\/08\/canciller-y-embajador-arce-representaran-a-bolivia-en-la-cumbre-de-las-americas\/"},"modified":"2022-06-08T06:59:07","modified_gmt":"2022-06-08T10:59:07","slug":"canciller-y-embajador-arce-representaran-a-bolivia-en-la-cumbre-de-las-americas","status":"publish","type":"post","link":"https:\/\/jms.com.bo\/mediamonitor\/2022\/06\/08\/canciller-y-embajador-arce-representaran-a-bolivia-en-la-cumbre-de-las-americas\/","title":{"rendered":"Canciller y embajador Arce representar\u00e1n a Bolivia en la Cumbre de las Am\u00e9ricas"},"content":{"rendered":"<p style=\"text-align: justify;\">La Casa Blanca de Estados Unidos invit\u00f3 oficialmente a Bolivia a la IX Cumbre de las Am\u00e9ricas, pero el presidente Luis Arce decidi\u00f3 no asistir por la exclusi\u00f3n de otros pa\u00edses. Sin embargo, en lugar de Arce encabezar\u00e1n la delegaci\u00f3n boliviana el canciller Rogelio Mayta y el embajador en la Organizaci\u00f3n de Estados Americanos (OEA), H\u00e9ctor Arce.<\/p>\n<p style=\"text-align: justify;\">El vicecanciller Freddy Mamani inform\u00f3 de la delegaci\u00f3n que viajar\u00e1 a Los \u00c1ngeles, sede del encuentro internacional, y explic\u00f3 que la \u201cexclusi\u00f3n de pa\u00edses que forman parte de nuestra regi\u00f3n afecta obviamente la construcci\u00f3n de un di\u00e1logo multilateral necesario y urgente para la regi\u00f3n y el mundo\u201d.<\/p>\n<p style=\"text-align: justify;\">Arce decidi\u00f3 no asistir al encuentro debido a la exclusi\u00f3n de los gobiernos de los presidentes de Venezuela, Nicol\u00e1s Maduro, y de Nicaragua, Daniel Ortega. Ante que se conozca la lista oficial de invitados, el presidente de Cuba, Miguel D\u00edaz-Canel, anunci\u00f3 que no asistir\u00eda.<\/p>\n<p style=\"text-align: justify;\">El presidente de M\u00e9xico, Manuel L\u00f3pez Obrador, confirm\u00f3 que no acudir\u00e1 a la cita, porque no est\u00e1 de acuerdo con la exclusi\u00f3n de pa\u00edses de Am\u00e9rica.<\/p>\n<p style=\"text-align: justify;\">Mientras que en representaci\u00f3n de Arce en la cita del 8 al 10 de junio, estar\u00e1 el canciller Mayta, el embajador Arce y un equipo t\u00e9cnico.<\/p>\n<p style=\"text-align: justify;\">\u201cEsta cumbre se desarrolla en un momento de crisis globales como la clim\u00e1tica, energ\u00e9tica, alimentaria y econ\u00f3mica-financiera\u201d, sostuvo Mamani.<\/p>\n","protected":false},"excerpt":{"rendered":"<p>La Casa Blanca de Estados Unidos invit\u00f3 oficialmente a Bolivia a la IX Cumbre de las Am\u00e9ricas, pero el presidente Luis Arce decidi\u00f3 no asistir por la exclusi\u00f3n de otros pa\u00edses. Sin embargo, en lugar de Arce encabezar\u00e1n la delegaci\u00f3n boliviana el canciller Rogelio Mayta y el embajador en la Organizaci\u00f3n de Estados Americanos (OEA), [&hellip;]<\/p>\n","protected":false},"author":4,"featured_media":28676,"comment_status":"open","ping_status":"open","sticky":false,"template":"","format":"standard","meta":{"footnotes":""},"categories":[18],"tags":[],"class_list":{"0":"post-28675","1":"post","2":"type-post","3":"status-publish","4":"format-standard","5":"has-post-thumbnail","7":"category-politica"},"_links":{"self":[{"href":"https:\/\/jms.com.bo\/mediamonitor\/wp-json\/wp\/v2\/posts\/28675","targetHints":{"allow":["GET"]}}],"collection":[{"href":"https:\/\/jms.com.bo\/mediamonitor\/wp-json\/wp\/v2\/posts"}],"about":[{"href":"https:\/\/jms.com.bo\/mediamonitor\/wp-json\/wp\/v2\/types\/post"}],"author":[{"embeddable":true,"href":"https:\/\/jms.com.bo\/mediamonitor\/wp-json\/wp\/v2\/users\/4"}],"replies":[{"embeddable":true,"href":"https:\/\/jms.com.bo\/mediamonitor\/wp-json\/wp\/v2\/comments?post=28675"}],"version-history":[{"count":0,"href":"https:\/\/jms.com.bo\/mediamonitor\/wp-json\/wp\/v2\/posts\/28675\/revisions"}],"wp:featuredmedia":[{"embeddable":true,"href":"https:\/\/jms.com.bo\/mediamonitor\/wp-json\/wp\/v2\/media\/28676"}],"wp:attachment":[{"href":"https:\/\/jms.com.bo\/mediamonitor\/wp-json\/wp\/v2\/media?parent=28675"}],"wp:term":[{"taxonomy":"category","embeddable":true,"href":"https:\/\/jms.com.bo\/mediamonitor\/wp-json\/wp\/v2\/categories?post=28675"},{"taxonomy":"post_tag","embeddable":true,"href":"https:\/\/jms.com.bo\/mediamonitor\/wp-json\/wp\/v2\/tags?post=28675"}],"curies":[{"name":"wp","href":"https:\/\/api.w.org\/{rel}","templated":true}]}}