{"id":28677,"date":"2022-06-08T07:00:24","date_gmt":"2022-06-08T11:00:24","guid":{"rendered":"https:\/\/jms.com.bo\/mediamonitor\/2022\/06\/08\/mas-pone-en-la-mira-a-lideres-y-exlegisladores-de-la-oposicion\/"},"modified":"2022-06-08T07:00:24","modified_gmt":"2022-06-08T11:00:24","slug":"mas-pone-en-la-mira-a-lideres-y-exlegisladores-de-la-oposicion","status":"publish","type":"post","link":"https:\/\/jms.com.bo\/mediamonitor\/2022\/06\/08\/mas-pone-en-la-mira-a-lideres-y-exlegisladores-de-la-oposicion\/","title":{"rendered":"MAS pone en la mira a l\u00edderes y exlegisladores de la oposici\u00f3n"},"content":{"rendered":"<p style=\"text-align: justify;\">Desde el Movimiento Al Socialismo (MAS) ponen en la mira a l\u00edderes pol\u00edticos y exlegisladores de la oposici\u00f3n para ser procesados por el supuesto golpe en contra del exmandatario Evo Morales, en 2019. Las posturas al respecto emergen a la palestra en la recta final del juicio en contra de la expresidenta Jeanine A\u00f1ez.<\/p>\n<p style=\"text-align: justify;\">\u201cNo s\u00f3lo ella (A\u00f1ez), Camacho, Tuto, Mesa, todos los colaboradores, Murillo, todo su gabinete de facto tienen que ser encarcelados, porque ellos han cometido (delitos), como palomas ah\u00ed, mat\u00e1ndonos a nosotros, y eso s\u00f3lo por defender la democracia\u201d, sostuvo Flora Aguilar, ejecutiva de las Bartolinas, una de las organizaciones fundadoras del MAS.<\/p>\n<p style=\"text-align: justify;\">Las Bartolinas y otros sectores de ese partido, aglutinados en lo que se denomina Pacto de Unidad, emitieron el lunes un pronunciamiento, en el que aseguran que \u201cCarlos Mesa, Tuto Quiroga, Samuel Doria Medina, Fernando Camacho fueron los autores intelectuales y materiales del golpe de Estado del 2019, quienes llevaron a A\u00f1ez para que se autoproclame\u201d, y que por tanto, \u201cdeben comparecer ante la justicia boliviana para ser sancionados penalmente, de acuerdo al grado de participaci\u00f3n\u201d.<\/p>\n<p style=\"text-align: justify;\">Ren\u00e1n Cabezas, diputado del MAS y expresidente de la Comisi\u00f3n de Constituci\u00f3n, asegur\u00f3 que a partir de la sentencia que se emita en contra de A\u00f1ez se desencadenar\u00e1n otros procesos en contra de otras autoridades c\u00f3mplices.<\/p>\n<p style=\"text-align: justify;\">\u201cA partir de ese proceso, estoy seguro que van a haber otros procesos para otras autoridades que han sido c\u00f3mplices. La norma se\u00f1ala tambi\u00e9n por acci\u00f3n y omisi\u00f3n eres parte de un delito, va a haber m\u00e1s responsables\u201d, asegur\u00f3 Cabezas, ante la pregunta sobre si deber\u00eda tambi\u00e9n sancionarse a legisladores de la directiva que en 2019 avalaron la asunci\u00f3n de Jeanine A\u00f1ez.<\/p>\n<p style=\"text-align: justify;\">El oficialista considera que \u201cvan a ser, seguramente, convocados exsenadores, exsenadoras de oficialismo y de oposici\u00f3n\u201d.<\/p>\n<p style=\"text-align: justify;\">Jos\u00e9 Carlos Guti\u00e9rrez, jefe de bancada de Creemos, manifest\u00f3 que A\u00f1ez es el \u201ctrofeo pol\u00edtico\u201d del MAS, con el que ese partido busca amedrentar a los dem\u00e1s l\u00edderes pol\u00edticos.<\/p>\n<p style=\"text-align: justify;\">\u201cEs una advertencia, adem\u00e1s, como trofeo para que otros tengan temor y miedo. Desde ac\u00e1 le decimos al MAS: no le tenemos miedo, no se le tiene miedo a la injusticia\u201d, asegur\u00f3.<\/p>\n<p style=\"text-align: justify;\">El legislador sostuvo que ese partido lo que quiere en el fondo con el proceso contra A\u00f1ez es tapar \u201ctodos los abusos\u201d que cometi\u00f3 contra la Constituci\u00f3n Pol\u00edtica del Estado y el fraude detectado por el informe de auditor\u00eda de la Organizaci\u00f3n de Estados Americanos.<\/p>\n<p style=\"text-align: justify;\">\u201cQuieren tapar todos los abusos que hicieron en contra de la Constituci\u00f3n, la violaci\u00f3n de un referendo, de la decisi\u00f3n de los bolivianos, quieren taparla con un juicio pol\u00edtico, que viene a ser el ejemplo para que los dem\u00e1s pol\u00edticos de oposici\u00f3n tengan miedo\u201d, asegur\u00f3.<\/p>\n","protected":false},"excerpt":{"rendered":"<p>Desde el Movimiento Al Socialismo (MAS) ponen en la mira a l\u00edderes pol\u00edticos y exlegisladores de la oposici\u00f3n para ser procesados por el supuesto golpe en contra del exmandatario Evo Morales, en 2019. Las posturas al respecto emergen a la palestra en la recta final del juicio en contra de la expresidenta Jeanine A\u00f1ez. \u201cNo [&hellip;]<\/p>\n","protected":false},"author":4,"featured_media":28678,"comment_status":"open","ping_status":"open","sticky":false,"template":"","format":"standard","meta":{"footnotes":""},"categories":[18],"tags":[],"class_list":{"0":"post-28677","1":"post","2":"type-post","3":"status-publish","4":"format-standard","5":"has-post-thumbnail","7":"category-politica"},"_links":{"self":[{"href":"https:\/\/jms.com.bo\/mediamonitor\/wp-json\/wp\/v2\/posts\/28677","targetHints":{"allow":["GET"]}}],"collection":[{"href":"https:\/\/jms.com.bo\/mediamonitor\/wp-json\/wp\/v2\/posts"}],"about":[{"href":"https:\/\/jms.com.bo\/mediamonitor\/wp-json\/wp\/v2\/types\/post"}],"author":[{"embeddable":true,"href":"https:\/\/jms.com.bo\/mediamonitor\/wp-json\/wp\/v2\/users\/4"}],"replies":[{"embeddable":true,"href":"https:\/\/jms.com.bo\/mediamonitor\/wp-json\/wp\/v2\/comments?post=28677"}],"version-history":[{"count":0,"href":"https:\/\/jms.com.bo\/mediamonitor\/wp-json\/wp\/v2\/posts\/28677\/revisions"}],"wp:featuredmedia":[{"embeddable":true,"href":"https:\/\/jms.com.bo\/mediamonitor\/wp-json\/wp\/v2\/media\/28678"}],"wp:attachment":[{"href":"https:\/\/jms.com.bo\/mediamonitor\/wp-json\/wp\/v2\/media?parent=28677"}],"wp:term":[{"taxonomy":"category","embeddable":true,"href":"https:\/\/jms.com.bo\/mediamonitor\/wp-json\/wp\/v2\/categories?post=28677"},{"taxonomy":"post_tag","embeddable":true,"href":"https:\/\/jms.com.bo\/mediamonitor\/wp-json\/wp\/v2\/tags?post=28677"}],"curies":[{"name":"wp","href":"https:\/\/api.w.org\/{rel}","templated":true}]}}