{"id":28679,"date":"2022-06-08T07:01:45","date_gmt":"2022-06-08T11:01:45","guid":{"rendered":"https:\/\/jms.com.bo\/mediamonitor\/2022\/06\/08\/fiscalia-combino-delitos-y-agravantes-para-pedir-15-anos-de-pena-contra-anez\/"},"modified":"2022-06-08T07:01:45","modified_gmt":"2022-06-08T11:01:45","slug":"fiscalia-combino-delitos-y-agravantes-para-pedir-15-anos-de-pena-contra-anez","status":"publish","type":"post","link":"https:\/\/jms.com.bo\/mediamonitor\/2022\/06\/08\/fiscalia-combino-delitos-y-agravantes-para-pedir-15-anos-de-pena-contra-anez\/","title":{"rendered":"Fiscal\u00eda \u201ccombin\u00f3\u201d delitos y agravantes para pedir 15 a\u00f1os de pena contra A\u00f1ez"},"content":{"rendered":"<p style=\"text-align: justify;\">Los fiscales Omar Mejillones y Junior Flores hicieron una sumatoria de agravantes para justifcar el pedido de 15 a\u00f1os de c\u00e1rcel para la expresidenta Jeanine A\u00f1ez y los exjefes militares, procesados por el caso del supuesto golpe de Estado II. Se\u00f1alaron que la entonces senadora actu\u00f3 con dolo y que al cometer dos delitos se incrementar\u00e1n los a\u00f1os de c\u00e1rcel con la mitad de la pena por el cargo m\u00e1s grave: resoluciones contrarias a la Constituci\u00f3n Pol\u00edtica y a las leyes.<\/p>\n<p style=\"text-align: justify;\">\u201c(Concurso real) El que con designios independientes, con una o m\u00e1s acciones u omisiones, cometiere dos o m\u00e1s delitos, ser\u00e1 sancionado con la pena del m\u00e1s grave, pudiendo el juez aumentar el m\u00e1ximo hasta la mitad (de la condena)\u201d, se\u00f1ala el art\u00edculo 45 del C\u00f3digo Penal.<\/p>\n<p style=\"text-align: justify;\">A\u00f1ez y los exjefes militares fueron acusados por los delitos de resoluciones contrarias a la Constituci\u00f3n e incumplimiento de deberes.<\/p>\n<p style=\"text-align: justify;\">La condena por el primer delito va de cinco a 10 a\u00f1os y de uno a cuatro para el segundo, por lo que la posible sentencia contra los acusados ser\u00e1 con base en el tipo penal m\u00e1s grave. En ese sentido, y al haber solicitado la pena m\u00e1xima -seg\u00fan la explicaci\u00f3n de la Fiscal\u00eda- por existir \u201cconcurso real\u201d o combinaci\u00f3n de dos delitos, se sumar\u00e1n otros cinco a\u00f1os a la pena solicitada, tal como lo establece el mencionado art\u00edculo 45.<\/p>\n<p style=\"text-align: justify;\">El lunes, en la reanudaci\u00f3n de la audiencia de juicio para ingresar a la etapa de los alegatos finales, el fiscal Omar Mejillones fue el primero en exponer los argumentos de la acusaci\u00f3n contra A\u00f1ez y los exjefes de las FFAA: Pastor Mendieta y Flavio Arce. Al final de su argumento, el fiscal solicit\u00f3 al Tribunal Primero de Sentencia de La Paz la pena de 15 a\u00f1os de c\u00e1rcel y el pago de costas por da\u00f1o econ\u00f3mico al Estado.<\/p>\n<p style=\"text-align: justify;\">Dicha condena tambi\u00e9n fue solicitada para el excomandante en Jefe de las FFAA, Williams Kaliman, y para el excomandante general de la Polic\u00eda, Yuri Calder\u00f3n, enjuiciados en calidad de rebeldes.<\/p>\n<p style=\"text-align: justify;\">Acusan por dolo a A\u00f1ez<\/p>\n<p style=\"text-align: justify;\">La Fiscal\u00eda mencion\u00f3 que, en complicidad con miembros del Comando en Jefe de las FFAA y oficiales de la Polic\u00eda, A\u00f1ez dio \u00f3rdenes para impedir que asamble\u00edstas -en su mayor\u00eda del MAS- participen en la sesi\u00f3n 198 del 12 de noviembre de 2019, luego de la cual asumi\u00f3 la Presidencia.<\/p>\n<p style=\"text-align: justify;\">Mejillones asegur\u00f3 que A\u00f1ez \u201cse autoproclam\u00f3\u201d luego de suspender la sesi\u00f3n, debido a que no exist\u00eda el quorum reglamentario, adem\u00e1s que no trat\u00f3 las renuncias de Evo Morales, \u00c1lvaro Garc\u00eda, Susana Rivero, V\u00edctor Borda y otros legisladores del MAS, quienes por instrucci\u00f3n de Adriana Salvatierra hab\u00edan dimitido, como lo revel\u00f3 Omar Aguilar, legislador de ese mismo partido en esa gesti\u00f3n.<\/p>\n<p style=\"text-align: justify;\">\u201cSon \u00f3rdenes que han vulnerado los derechos pol\u00edticos de 11 millones de bolivianos\u201d, afirm\u00f3 Mejillones. El fiscal sostuvo que A\u00f1ez actu\u00f3 de forma \u201cdolosa\u201d, debido a que al ser abogada y contar con una experiencia de 10 a\u00f1os como legisladora electa, conoc\u00eda las normas que reg\u00edan las convocatorias para las sesiones en la Asamblea, por lo que de forma deliberada infringi\u00f3 el protocolo.<\/p>\n<p style=\"text-align: justify;\">Por su parte, el fiscal Flores se\u00f1al\u00f3 que los exjefes militares incurrieron en la omisi\u00f3n de sus deberes, al no defender el gobierno de Evo Morales. \u201cPor eso establecemos que (en el caso de los miembros del Comando en Jefe) el no haber hecho absolutamente nada debe ser sancionado\u201d, aleg\u00f3.<\/p>\n<p style=\"text-align: justify;\">Para Norka Cu\u00e9llar, abogada de la expresidenta A\u00f1ez, el alegato del fiscal Mejillones se constituye en una \u201cnarrativa pol\u00edtica\u201d con la que pretende justificar una sentencia que -sostuvo- tiene los lineamientos del Gobierno. Sobre los argumentos de Flores, los calific\u00f3 de \u201cfalsedades\u201d, debido a que el fiscal omiti\u00f3 varias declaraciones que desvirt\u00faan su versi\u00f3n.<\/p>\n<p style=\"text-align: justify;\">Tercera audiencia<\/p>\n<p style=\"text-align: justify;\">Se tiene previsto que hoy a las 14:00, en el Sal\u00f3n Rosado del Tribunal Departamental de Justicia de La Paz, se reanudar\u00e1 la audiencia de juicio con la presentaci\u00f3n de alegatos finales de las partes y dar\u00e1n lectura de la acusaci\u00f3n particular los representantes de la Procuradur\u00eda y del presidente de la C\u00e1mara de Senadores, Andr\u00f3nico Rodr\u00edguez.<\/p>\n<p style=\"text-align: justify;\">Ayer el fiscal Flores concluy\u00f3 su alegato y a continuaci\u00f3n s\u00f3lo se pudo escuchar el de la representante del Ministerio de Gobierno, Julisa Dur\u00e1n, a quien se le observ\u00f3 por citar elementos que no fueron admitidos como prueba.<\/p>\n<p style=\"text-align: justify;\">La defensa de A\u00f1ez tambi\u00e9n cuestion\u00f3 el esc\u00e1ndalo que protagonizaron grupos afines al Gobierno en puertas del tribunal, adem\u00e1s de generar un ambiente de amedrentamiento y no permit\u00edan escuchar los alegatos.<\/p>\n","protected":false},"excerpt":{"rendered":"<p>Los fiscales Omar Mejillones y Junior Flores hicieron una sumatoria de agravantes para justifcar el pedido de 15 a\u00f1os de c\u00e1rcel para la expresidenta Jeanine A\u00f1ez y los exjefes militares, procesados por el caso del supuesto golpe de Estado II. Se\u00f1alaron que la entonces senadora actu\u00f3 con dolo y que al cometer dos delitos se [&hellip;]<\/p>\n","protected":false},"author":4,"featured_media":28680,"comment_status":"open","ping_status":"open","sticky":false,"template":"","format":"standard","meta":{"footnotes":""},"categories":[18,48,46],"tags":[],"class_list":{"0":"post-28679","1":"post","2":"type-post","3":"status-publish","4":"format-standard","5":"has-post-thumbnail","7":"category-politica","8":"category-portada-general-sitio","9":"category-portada-politica"},"_links":{"self":[{"href":"https:\/\/jms.com.bo\/mediamonitor\/wp-json\/wp\/v2\/posts\/28679","targetHints":{"allow":["GET"]}}],"collection":[{"href":"https:\/\/jms.com.bo\/mediamonitor\/wp-json\/wp\/v2\/posts"}],"about":[{"href":"https:\/\/jms.com.bo\/mediamonitor\/wp-json\/wp\/v2\/types\/post"}],"author":[{"embeddable":true,"href":"https:\/\/jms.com.bo\/mediamonitor\/wp-json\/wp\/v2\/users\/4"}],"replies":[{"embeddable":true,"href":"https:\/\/jms.com.bo\/mediamonitor\/wp-json\/wp\/v2\/comments?post=28679"}],"version-history":[{"count":0,"href":"https:\/\/jms.com.bo\/mediamonitor\/wp-json\/wp\/v2\/posts\/28679\/revisions"}],"wp:featuredmedia":[{"embeddable":true,"href":"https:\/\/jms.com.bo\/mediamonitor\/wp-json\/wp\/v2\/media\/28680"}],"wp:attachment":[{"href":"https:\/\/jms.com.bo\/mediamonitor\/wp-json\/wp\/v2\/media?parent=28679"}],"wp:term":[{"taxonomy":"category","embeddable":true,"href":"https:\/\/jms.com.bo\/mediamonitor\/wp-json\/wp\/v2\/categories?post=28679"},{"taxonomy":"post_tag","embeddable":true,"href":"https:\/\/jms.com.bo\/mediamonitor\/wp-json\/wp\/v2\/tags?post=28679"}],"curies":[{"name":"wp","href":"https:\/\/api.w.org\/{rel}","templated":true}]}}