{"id":28685,"date":"2022-06-08T07:06:12","date_gmt":"2022-06-08T11:06:12","guid":{"rendered":"https:\/\/jms.com.bo\/mediamonitor\/2022\/06\/08\/el-bm-proyecta-un-crecimiento-de-39-para-bolivia-en-2022\/"},"modified":"2022-06-08T07:06:12","modified_gmt":"2022-06-08T11:06:12","slug":"el-bm-proyecta-un-crecimiento-de-39-para-bolivia-en-2022","status":"publish","type":"post","link":"https:\/\/jms.com.bo\/mediamonitor\/2022\/06\/08\/el-bm-proyecta-un-crecimiento-de-39-para-bolivia-en-2022\/","title":{"rendered":"El BM proyecta un crecimiento de 3,9% para Bolivia en 2022"},"content":{"rendered":"<p style=\"text-align: justify;\">El Banco Mundial (BM) prev\u00e9 un crecimiento econ\u00f3mico de 3,9% para este 2022 en Bolivia, mientras que para la regi\u00f3n se proyecta una desaceleraci\u00f3n hasta llegar al 2,5 % en este a\u00f1o tras un importante repunte en 2021, 6,7%. Para el 2023, perfila un crecimiento de 2,8% para Bolivia.<\/p>\n<p style=\"text-align: justify;\">Seg\u00fan los datos del organismo internacional, el crecimiento boliviano en 2019 lleg\u00f3 a 2,2, en 2020 decreci\u00f3 en -8,7% y el 2021 se recuper\u00f3 hasta llegar a 6,1%.<\/p>\n<p style=\"text-align: justify;\">\u201cLas complejas condiciones mundiales est\u00e1n afectando el crecimiento en Am\u00e9rica Latina y el Caribe. La guerra en Ucrania est\u00e1 teniendo efectos considerables en la regi\u00f3n a trav\u00e9s del alza de precios de los productos b\u00e1sicos y el debilitamiento del crecimiento mundial\u201d, establece el BM.<\/p>\n<p style=\"text-align: justify;\">Para el organismo internacional, \u201cla inflaci\u00f3n ha aumentado muy por encima de las metas de los bancos centrales en muchos pa\u00edses de Am\u00e9rica Latina y el Caribe y ha ejercido presi\u00f3n financiera sobre los hogares\u201d.<\/p>\n<p style=\"text-align: justify;\">El ministro de Econom\u00eda, Marcelo Montenegro, afirm\u00f3 el lunes que a diferencia de pa\u00edses de la regi\u00f3n, Estados Unidos y Europa, Bolivia mantiene la estabilidad de precios \u201ccomo un patrimonio de los bolivianos\u201d, aunque \u201ces una situaci\u00f3n muy complicada\u201d.<\/p>\n<p style=\"text-align: justify;\">\u201cNosotros estamos haciendo todos los esfuerzos para que el bienestar en la poblaci\u00f3n se siga manteniendo, es una situaci\u00f3n muy complicada pero lo hacemos con la finalidad de que el pueblo boliviano tenga la estabilidad de los precios que es un elemento que lo ha conseguido como un patrimonio de los bolivianos\u201d, destac\u00f3.<\/p>\n","protected":false},"excerpt":{"rendered":"<p>El Banco Mundial (BM) prev\u00e9 un crecimiento econ\u00f3mico de 3,9% para este 2022 en Bolivia, mientras que para la regi\u00f3n se proyecta una desaceleraci\u00f3n hasta llegar al 2,5 % en este a\u00f1o tras un importante repunte en 2021, 6,7%. Para el 2023, perfila un crecimiento de 2,8% para Bolivia. Seg\u00fan los datos del organismo internacional, [&hellip;]<\/p>\n","protected":false},"author":4,"featured_media":12462,"comment_status":"open","ping_status":"open","sticky":false,"template":"","format":"standard","meta":{"footnotes":""},"categories":[25],"tags":[],"class_list":{"0":"post-28685","1":"post","2":"type-post","3":"status-publish","4":"format-standard","5":"has-post-thumbnail","7":"category-economia"},"_links":{"self":[{"href":"https:\/\/jms.com.bo\/mediamonitor\/wp-json\/wp\/v2\/posts\/28685","targetHints":{"allow":["GET"]}}],"collection":[{"href":"https:\/\/jms.com.bo\/mediamonitor\/wp-json\/wp\/v2\/posts"}],"about":[{"href":"https:\/\/jms.com.bo\/mediamonitor\/wp-json\/wp\/v2\/types\/post"}],"author":[{"embeddable":true,"href":"https:\/\/jms.com.bo\/mediamonitor\/wp-json\/wp\/v2\/users\/4"}],"replies":[{"embeddable":true,"href":"https:\/\/jms.com.bo\/mediamonitor\/wp-json\/wp\/v2\/comments?post=28685"}],"version-history":[{"count":0,"href":"https:\/\/jms.com.bo\/mediamonitor\/wp-json\/wp\/v2\/posts\/28685\/revisions"}],"wp:featuredmedia":[{"embeddable":true,"href":"https:\/\/jms.com.bo\/mediamonitor\/wp-json\/wp\/v2\/media\/12462"}],"wp:attachment":[{"href":"https:\/\/jms.com.bo\/mediamonitor\/wp-json\/wp\/v2\/media?parent=28685"}],"wp:term":[{"taxonomy":"category","embeddable":true,"href":"https:\/\/jms.com.bo\/mediamonitor\/wp-json\/wp\/v2\/categories?post=28685"},{"taxonomy":"post_tag","embeddable":true,"href":"https:\/\/jms.com.bo\/mediamonitor\/wp-json\/wp\/v2\/tags?post=28685"}],"curies":[{"name":"wp","href":"https:\/\/api.w.org\/{rel}","templated":true}]}}