{"id":28721,"date":"2022-06-09T06:52:48","date_gmt":"2022-06-09T10:52:48","guid":{"rendered":"https:\/\/jms.com.bo\/mediamonitor\/2022\/06\/09\/despues-de-dos-paros-la-dirigencia-de-los-medicos-define-paro-de-72-horas-a-partir-del-lunes\/"},"modified":"2022-06-09T06:52:48","modified_gmt":"2022-06-09T10:52:48","slug":"despues-de-dos-paros-la-dirigencia-de-los-medicos-define-paro-de-72-horas-a-partir-del-lunes","status":"publish","type":"post","link":"https:\/\/jms.com.bo\/mediamonitor\/2022\/06\/09\/despues-de-dos-paros-la-dirigencia-de-los-medicos-define-paro-de-72-horas-a-partir-del-lunes\/","title":{"rendered":"Despu\u00e9s de dos paros, la dirigencia de los m\u00e9dicos define paro de 72 horas a partir del lunes"},"content":{"rendered":"<p style=\"text-align: justify;\">Tras un paro de 24 horas y luego de 48 horas, ahora el Consejo Nacional de Salud (Conasa) convoc\u00f3 a los profesionales de salud a un paro de 72 horas a partir del lunes en demanda de atenci\u00f3n a sus demandas.<\/p>\n<p style=\"text-align: justify;\">El vicepresidente del Colegio M\u00e9dico de La Paz, Christian Fuentes, inform\u00f3 que la decisi\u00f3n se tom\u00f3 el lunes, porque es \u201cla \u00fanica manera de que nos escuchen las autoridades\u201d.<\/p>\n<p style=\"text-align: justify;\">Desde el Gobierno, el ministro de Salud, Jeyson Auza, afirm\u00f3 el lunes que la administraci\u00f3n del presidente Luis Arce \u201cno negociar\u00e1\u201d el derecho a la salud con los dirigentes m\u00e9dicos que tienen fines pol\u00edticos en sus convocatorias a protesta.<\/p>\n<p style=\"text-align: justify;\">\u201cNo vamos a negociar el derecho de nuestro pueblo (\u2026). No estamos aqu\u00ed para defender los intereses de unos. Vamos a hacer lo que tengamos que hacer para garantizar el acceso a la salud para nuestra gente\u201d, sostuvo Auza y destac\u00f3 que en el paro de 48 horas m\u00e1s del 90% de los profesionales en el sector p\u00fablico y de la seguridad social trabajaron.<\/p>\n<p style=\"text-align: justify;\">Fuentes afirm\u00f3 que el paro comenzar\u00e1 el lunes y se prolongar\u00e1 hasta el mi\u00e9rcoles de la pr\u00f3xima semana, porque Auza no atendi\u00f3 \u2013asegur\u00f3- sus pedidos de reuni\u00f3n a pesar de varias solicitudes escritas.<\/p>\n<p style=\"text-align: justify;\">\u201cEl Conasa ha determinado continuar con las medidas de presi\u00f3n con el objetivo de que el gobierno escuche a los m\u00e9dicos, a la poblaci\u00f3n, y podamos reunirnos en una mesa y discutir temas que van en beneficios de la poblaci\u00f3n, no son beneficios gremiales\u201d, asegur\u00f3.<\/p>\n<p style=\"text-align: justify;\">Los m\u00e9dicos exigente anular la Ley de Emergencia Sanitaria que regula los precios de las cl\u00ednicas privadas y de los medicamentos en situaciones de emergencia como las vividas en el inicio de la pandemia del COVID-19, pero adem\u00e1s establece la prohibici\u00f3n de la suspensi\u00f3n de los servicios de salud. Tambi\u00e9n demanda m\u00e1s \u00edtems.<\/p>\n","protected":false},"excerpt":{"rendered":"<p>Tras un paro de 24 horas y luego de 48 horas, ahora el Consejo Nacional de Salud (Conasa) convoc\u00f3 a los profesionales de salud a un paro de 72 horas a partir del lunes en demanda de atenci\u00f3n a sus demandas. El vicepresidente del Colegio M\u00e9dico de La Paz, Christian Fuentes, inform\u00f3 que la decisi\u00f3n [&hellip;]<\/p>\n","protected":false},"author":4,"featured_media":0,"comment_status":"open","ping_status":"open","sticky":false,"template":"","format":"standard","meta":{"footnotes":""},"categories":[53],"tags":[],"class_list":{"0":"post-28721","1":"post","2":"type-post","3":"status-publish","4":"format-standard","6":"category-salud"},"_links":{"self":[{"href":"https:\/\/jms.com.bo\/mediamonitor\/wp-json\/wp\/v2\/posts\/28721","targetHints":{"allow":["GET"]}}],"collection":[{"href":"https:\/\/jms.com.bo\/mediamonitor\/wp-json\/wp\/v2\/posts"}],"about":[{"href":"https:\/\/jms.com.bo\/mediamonitor\/wp-json\/wp\/v2\/types\/post"}],"author":[{"embeddable":true,"href":"https:\/\/jms.com.bo\/mediamonitor\/wp-json\/wp\/v2\/users\/4"}],"replies":[{"embeddable":true,"href":"https:\/\/jms.com.bo\/mediamonitor\/wp-json\/wp\/v2\/comments?post=28721"}],"version-history":[{"count":0,"href":"https:\/\/jms.com.bo\/mediamonitor\/wp-json\/wp\/v2\/posts\/28721\/revisions"}],"wp:attachment":[{"href":"https:\/\/jms.com.bo\/mediamonitor\/wp-json\/wp\/v2\/media?parent=28721"}],"wp:term":[{"taxonomy":"category","embeddable":true,"href":"https:\/\/jms.com.bo\/mediamonitor\/wp-json\/wp\/v2\/categories?post=28721"},{"taxonomy":"post_tag","embeddable":true,"href":"https:\/\/jms.com.bo\/mediamonitor\/wp-json\/wp\/v2\/tags?post=28721"}],"curies":[{"name":"wp","href":"https:\/\/api.w.org\/{rel}","templated":true}]}}