{"id":28724,"date":"2022-06-09T06:55:08","date_gmt":"2022-06-09T10:55:08","guid":{"rendered":"https:\/\/jms.com.bo\/mediamonitor\/2022\/06\/09\/centro-de-medicina-nuclear-de-santa-cruz-cuenta-con-equipos-de-altisima-tecnologia\/"},"modified":"2022-06-09T06:55:08","modified_gmt":"2022-06-09T10:55:08","slug":"centro-de-medicina-nuclear-de-santa-cruz-cuenta-con-equipos-de-altisima-tecnologia","status":"publish","type":"post","link":"https:\/\/jms.com.bo\/mediamonitor\/2022\/06\/09\/centro-de-medicina-nuclear-de-santa-cruz-cuenta-con-equipos-de-altisima-tecnologia\/","title":{"rendered":"Centro de Medicina Nuclear de Santa Cruz cuenta con equipos de \u201calt\u00edsima\u201d tecnolog\u00eda"},"content":{"rendered":"<p style=\"text-align: justify;\">Acompa\u00f1ado de autoridades de la ABEN y de la empresa argentina Invap, el ministro de Hidrocarburos y Energ\u00edas, Franklin Molina, inspeccion\u00f3 este mi\u00e9rcoles los avances de la construcci\u00f3n del Centro de Medicina Nuclear y Radioterapia (CMNyR) de Santa Cruz, que cuenta con equipos de \u201calt\u00edsima\u201d tecnolog\u00eda.<\/p>\n<p style=\"text-align: justify;\">\u201cEstamos viendo que el equipamiento pr\u00e1cticamente ya est\u00e1, en algunos casos, comenzando su etapa de calibraci\u00f3n. Como ustedes ver\u00e1n, estos equipos de alt\u00edsima tecnolog\u00eda, son los \u00faltimos equipos que est\u00e1n en Latinoam\u00e9rica y podemos decir que en Santa Cruz vamos a tener este tipo de equipamiento que podr\u00e1 servir para los tratamientos de tumores, c\u00e1ncer y otras afectaciones\u201d, dijo Molina en una rueda de prensa.<\/p>\n<p style=\"text-align: justify;\">La autoridad gubernamental se\u00f1al\u00f3 que la construcci\u00f3n del CMNyR en el departamento cruce\u00f1o tiene un avance de m\u00e1s del 80%, por lo que se prev\u00e9 su inauguraci\u00f3n en septiembre del presente a\u00f1o.<\/p>\n<p style=\"text-align: justify;\">\u201cEsto es una demostraci\u00f3n, adem\u00e1s, de que los compromisos de nuestro Gobierno, del presidente Luis Arce, se van cumpliendo. No solamente hemos reactivado la econom\u00eda, sino tambi\u00e9n estamos reactivando la salud, que es muy importante para el pa\u00eds\u201d, enfatiz\u00f3.<\/p>\n<p style=\"text-align: justify;\">La directora ejecutiva de la Agencia Boliviana de Energ\u00eda Nuclear (ABEN), Hortensia Jim\u00e9nez, explic\u00f3 que este nosocomio tiene una capacidad de atenci\u00f3n para 120 personas y ser\u00e1 puesto en marcha con un equipo multidisciplinario conformado por 40 m\u00e9dicos, f\u00edsicos, ingenieros y tecn\u00f3logos.<\/p>\n<p style=\"text-align: justify;\">Bolivia contar\u00e1 con la Red de Centros de Medicina Nuclear y Radioterapia en El Alto, Santa Cruz y La Paz. En la urbe alte\u00f1a, el CMNyR fue inaugurado en marzo de este a\u00f1o, por el presidente Luis Arce.<\/p>\n","protected":false},"excerpt":{"rendered":"<p>Acompa\u00f1ado de autoridades de la ABEN y de la empresa argentina Invap, el ministro de Hidrocarburos y Energ\u00edas, Franklin Molina, inspeccion\u00f3 este mi\u00e9rcoles los avances de la construcci\u00f3n del Centro de Medicina Nuclear y Radioterapia (CMNyR) de Santa Cruz, que cuenta con equipos de \u201calt\u00edsima\u201d tecnolog\u00eda. \u201cEstamos viendo que el equipamiento pr\u00e1cticamente ya est\u00e1, en [&hellip;]<\/p>\n","protected":false},"author":4,"featured_media":28725,"comment_status":"open","ping_status":"open","sticky":false,"template":"","format":"standard","meta":{"footnotes":""},"categories":[53],"tags":[],"class_list":{"0":"post-28724","1":"post","2":"type-post","3":"status-publish","4":"format-standard","5":"has-post-thumbnail","7":"category-salud"},"_links":{"self":[{"href":"https:\/\/jms.com.bo\/mediamonitor\/wp-json\/wp\/v2\/posts\/28724","targetHints":{"allow":["GET"]}}],"collection":[{"href":"https:\/\/jms.com.bo\/mediamonitor\/wp-json\/wp\/v2\/posts"}],"about":[{"href":"https:\/\/jms.com.bo\/mediamonitor\/wp-json\/wp\/v2\/types\/post"}],"author":[{"embeddable":true,"href":"https:\/\/jms.com.bo\/mediamonitor\/wp-json\/wp\/v2\/users\/4"}],"replies":[{"embeddable":true,"href":"https:\/\/jms.com.bo\/mediamonitor\/wp-json\/wp\/v2\/comments?post=28724"}],"version-history":[{"count":0,"href":"https:\/\/jms.com.bo\/mediamonitor\/wp-json\/wp\/v2\/posts\/28724\/revisions"}],"wp:featuredmedia":[{"embeddable":true,"href":"https:\/\/jms.com.bo\/mediamonitor\/wp-json\/wp\/v2\/media\/28725"}],"wp:attachment":[{"href":"https:\/\/jms.com.bo\/mediamonitor\/wp-json\/wp\/v2\/media?parent=28724"}],"wp:term":[{"taxonomy":"category","embeddable":true,"href":"https:\/\/jms.com.bo\/mediamonitor\/wp-json\/wp\/v2\/categories?post=28724"},{"taxonomy":"post_tag","embeddable":true,"href":"https:\/\/jms.com.bo\/mediamonitor\/wp-json\/wp\/v2\/tags?post=28724"}],"curies":[{"name":"wp","href":"https:\/\/api.w.org\/{rel}","templated":true}]}}