{"id":28726,"date":"2022-06-09T06:56:12","date_gmt":"2022-06-09T10:56:12","guid":{"rendered":"https:\/\/jms.com.bo\/mediamonitor\/2022\/06\/09\/padres-de-familia-cumplen-el-bloqueo-de-las-mil-esquinas-en-la-ciudad-de-el-alto\/"},"modified":"2022-06-09T06:56:12","modified_gmt":"2022-06-09T10:56:12","slug":"padres-de-familia-cumplen-el-bloqueo-de-las-mil-esquinas-en-la-ciudad-de-el-alto","status":"publish","type":"post","link":"https:\/\/jms.com.bo\/mediamonitor\/2022\/06\/09\/padres-de-familia-cumplen-el-bloqueo-de-las-mil-esquinas-en-la-ciudad-de-el-alto\/","title":{"rendered":"Padres de familia cumplen el bloqueo de las mil esquinas en la ciudad de El Alto"},"content":{"rendered":"<p style=\"text-align: justify;\">Desde las primeras horas de la ma\u00f1ana de este mi\u00e9rcoles, los padres de familia de los 14 distritos de El Alto cumplen el bloqueo de las mil esquinas de manera indefinida ante la falta de respuesta de la alcaldesa, Eva Copa, a sus demandas.<\/p>\n<p style=\"text-align: justify;\">Los padres de familia cerraron los principales accesos a la urbe alte\u00f1a exigiendo la reposici\u00f3n del Plan Operativo Anual (POA) 2021 y 2022, el incremento del presupuesto de educaci\u00f3n, mejorar infraestructura y equipamiento, medidas de bioseguridad y desayuno escolar en las unidades educativas, entre otras demandas.<\/p>\n<p style=\"text-align: justify;\">El secretario ejecutivo de la Federaci\u00f3n de Choferes de El Alto 1 de Mayo, Reynaldo Luna, inform\u00f3 que la organizaci\u00f3n emiti\u00f3 un comunicado interno que instruye a sus bases evitar los enfrentamientos.<\/p>\n<p style=\"text-align: justify;\">El dirigente se\u00f1al\u00f3 que, de manera directa, el bloqueo perjudica a cerca de 10.000 transportistas que trabajan en la urbe alte\u00f1a, y a m\u00e1s de 35.000 considerando el cierre de los accesos a las rutas interprovinciales y departamentales.<\/p>\n<p style=\"text-align: justify;\">\u201cPedimos a las autoridades municipales ingresar al dialogo, los transportistas vivimos al d\u00eda, estamos totalmente perjudicados\u201d, protest\u00f3.<\/p>\n","protected":false},"excerpt":{"rendered":"<p>Desde las primeras horas de la ma\u00f1ana de este mi\u00e9rcoles, los padres de familia de los 14 distritos de El Alto cumplen el bloqueo de las mil esquinas de manera indefinida ante la falta de respuesta de la alcaldesa, Eva Copa, a sus demandas. Los padres de familia cerraron los principales accesos a la urbe [&hellip;]<\/p>\n","protected":false},"author":4,"featured_media":28727,"comment_status":"open","ping_status":"open","sticky":false,"template":"","format":"standard","meta":{"footnotes":""},"categories":[49],"tags":[],"class_list":{"0":"post-28726","1":"post","2":"type-post","3":"status-publish","4":"format-standard","5":"has-post-thumbnail","7":"category-social"},"_links":{"self":[{"href":"https:\/\/jms.com.bo\/mediamonitor\/wp-json\/wp\/v2\/posts\/28726","targetHints":{"allow":["GET"]}}],"collection":[{"href":"https:\/\/jms.com.bo\/mediamonitor\/wp-json\/wp\/v2\/posts"}],"about":[{"href":"https:\/\/jms.com.bo\/mediamonitor\/wp-json\/wp\/v2\/types\/post"}],"author":[{"embeddable":true,"href":"https:\/\/jms.com.bo\/mediamonitor\/wp-json\/wp\/v2\/users\/4"}],"replies":[{"embeddable":true,"href":"https:\/\/jms.com.bo\/mediamonitor\/wp-json\/wp\/v2\/comments?post=28726"}],"version-history":[{"count":0,"href":"https:\/\/jms.com.bo\/mediamonitor\/wp-json\/wp\/v2\/posts\/28726\/revisions"}],"wp:featuredmedia":[{"embeddable":true,"href":"https:\/\/jms.com.bo\/mediamonitor\/wp-json\/wp\/v2\/media\/28727"}],"wp:attachment":[{"href":"https:\/\/jms.com.bo\/mediamonitor\/wp-json\/wp\/v2\/media?parent=28726"}],"wp:term":[{"taxonomy":"category","embeddable":true,"href":"https:\/\/jms.com.bo\/mediamonitor\/wp-json\/wp\/v2\/categories?post=28726"},{"taxonomy":"post_tag","embeddable":true,"href":"https:\/\/jms.com.bo\/mediamonitor\/wp-json\/wp\/v2\/tags?post=28726"}],"curies":[{"name":"wp","href":"https:\/\/api.w.org\/{rel}","templated":true}]}}