{"id":28728,"date":"2022-06-09T06:57:30","date_gmt":"2022-06-09T10:57:30","guid":{"rendered":"https:\/\/jms.com.bo\/mediamonitor\/2022\/06\/09\/valles-crucenos-analizaran-nuevas-medidas-luego-de-que-no-pudieron-reunirse-con-el-gobernador-y-les-cerraron-las-puertas\/"},"modified":"2022-06-09T06:57:30","modified_gmt":"2022-06-09T10:57:30","slug":"valles-crucenos-analizaran-nuevas-medidas-luego-de-que-no-pudieron-reunirse-con-el-gobernador-y-les-cerraron-las-puertas","status":"publish","type":"post","link":"https:\/\/jms.com.bo\/mediamonitor\/2022\/06\/09\/valles-crucenos-analizaran-nuevas-medidas-luego-de-que-no-pudieron-reunirse-con-el-gobernador-y-les-cerraron-las-puertas\/","title":{"rendered":"Valles cruce\u00f1os analizar\u00e1n nuevas medidas, luego de que no pudieron reunirse con el gobernador y les cerraron las puertas"},"content":{"rendered":"<p style=\"text-align: justify;\">Los alcaldes y dirigentes campesinos de los Valles cruce\u00f1os volver\u00e1n con sus bases para determinar las siguientes medidas a tomar para que sus demandas de electrificaci\u00f3n, caminos, educaci\u00f3n y regal\u00edas sean escuchadas por la Gobernaci\u00f3n, despu\u00e9s que la tarde de este mi\u00e9rcoles les cerraran las puertas del edificio de esa instituci\u00f3n y no les permitieran el ingreso.<\/p>\n<p style=\"text-align: justify;\">Un par de funcionarios les pidieron identificarse, uno de ellos indic\u00f3 que la reuni\u00f3n estaba fijada para horas de la ma\u00f1ana. Sin embargo, Filem\u00f3n Resini, ejecutivo de los trabajadores campesinos, mostr\u00f3 la carta remitida por el gobernador, en la que les ped\u00eda que fueran ellos los que fijaran la fecha y la hora de la reuni\u00f3n. La misiva fue enviada ante la inasistencia de la autoridad a un ampliado realizado en la zona de los Valles, el pasado 4 de junio.<\/p>\n<p style=\"text-align: justify;\">Los funcionarios ped\u00edan que solo \u201clas cabezas\u201d pudieran ingresar, pero hubo una negativa; adem\u00e1s que los dirigentes y alcaldes observaron que la reuni\u00f3n era con el gobernador y no con otro funcionario. Al final, entre empujones, algunos lograron ingresar mientras las puertas eran cerradas por polic\u00edas y otros funcionarios.<\/p>\n<p style=\"text-align: justify;\">\u201cCon las bases determinaremos las medidas, aqu\u00ed se termin\u00f3 la diplomacia (\u2026) ser\u00e1 responsabilidad plena del gobernador\u201d, manifest\u00f3 Resini.<\/p>\n<p style=\"text-align: justify;\">De su lado, el alcalde de Samaipata, Eustaquio Casilla, aprovech\u00f3 los medios de comunicaci\u00f3n para mandarle un mensaje a la autoridad departamental: \u201cOiga cumpa Fernando, no nos vamos a pasar a puras solicitudes a su persona, ya es tiempo de que atienda tambi\u00e9n a los Valles cruce\u00f1os (\u2026) Nos han cerrado las puertas de nuestra propia instituci\u00f3n, porque la Gobernaci\u00f3n tambi\u00e9n es de nosotros\u201d.<\/p>\n<p style=\"text-align: justify;\">Casilla le record\u00f3 que, al igual que \u00e9l, el gobernador es una autoridad electa y lo inst\u00f3 a trabajar para toda la regi\u00f3n de los Valles cruce\u00f1os.<\/p>\n<p style=\"text-align: justify;\">Joel Ontiveros, alcalde de Pampa Grande, por su parte, expres\u00f3 su molestia ante los hechos suscitados. \u201cHemos agotado las instancias, se acab\u00f3 la diplomacia; yo creo que vamos a tomar medidas de hecho (\u2026) parece que les gusta que bloqueemos, parece que esa es la manera de que nos respondan\u201d, expres\u00f3, y aprovech\u00f3 para decir que no quieren reunirse con directores de la Gobernaci\u00f3n porque \u201cnos la est\u00e1n vuelteando\u201d.<\/p>\n","protected":false},"excerpt":{"rendered":"<p>Los alcaldes y dirigentes campesinos de los Valles cruce\u00f1os volver\u00e1n con sus bases para determinar las siguientes medidas a tomar para que sus demandas de electrificaci\u00f3n, caminos, educaci\u00f3n y regal\u00edas sean escuchadas por la Gobernaci\u00f3n, despu\u00e9s que la tarde de este mi\u00e9rcoles les cerraran las puertas del edificio de esa instituci\u00f3n y no les permitieran [&hellip;]<\/p>\n","protected":false},"author":4,"featured_media":28729,"comment_status":"open","ping_status":"open","sticky":false,"template":"","format":"standard","meta":{"footnotes":""},"categories":[49],"tags":[],"class_list":{"0":"post-28728","1":"post","2":"type-post","3":"status-publish","4":"format-standard","5":"has-post-thumbnail","7":"category-social"},"_links":{"self":[{"href":"https:\/\/jms.com.bo\/mediamonitor\/wp-json\/wp\/v2\/posts\/28728","targetHints":{"allow":["GET"]}}],"collection":[{"href":"https:\/\/jms.com.bo\/mediamonitor\/wp-json\/wp\/v2\/posts"}],"about":[{"href":"https:\/\/jms.com.bo\/mediamonitor\/wp-json\/wp\/v2\/types\/post"}],"author":[{"embeddable":true,"href":"https:\/\/jms.com.bo\/mediamonitor\/wp-json\/wp\/v2\/users\/4"}],"replies":[{"embeddable":true,"href":"https:\/\/jms.com.bo\/mediamonitor\/wp-json\/wp\/v2\/comments?post=28728"}],"version-history":[{"count":0,"href":"https:\/\/jms.com.bo\/mediamonitor\/wp-json\/wp\/v2\/posts\/28728\/revisions"}],"wp:featuredmedia":[{"embeddable":true,"href":"https:\/\/jms.com.bo\/mediamonitor\/wp-json\/wp\/v2\/media\/28729"}],"wp:attachment":[{"href":"https:\/\/jms.com.bo\/mediamonitor\/wp-json\/wp\/v2\/media?parent=28728"}],"wp:term":[{"taxonomy":"category","embeddable":true,"href":"https:\/\/jms.com.bo\/mediamonitor\/wp-json\/wp\/v2\/categories?post=28728"},{"taxonomy":"post_tag","embeddable":true,"href":"https:\/\/jms.com.bo\/mediamonitor\/wp-json\/wp\/v2\/tags?post=28728"}],"curies":[{"name":"wp","href":"https:\/\/api.w.org\/{rel}","templated":true}]}}