{"id":28730,"date":"2022-06-09T07:01:08","date_gmt":"2022-06-09T11:01:08","guid":{"rendered":"https:\/\/jms.com.bo\/mediamonitor\/2022\/06\/09\/la-ley-del-oro-genera-division-entre-mineros-y-anuncian-movilizaciones\/"},"modified":"2022-06-09T07:01:08","modified_gmt":"2022-06-09T11:01:08","slug":"la-ley-del-oro-genera-division-entre-mineros-y-anuncian-movilizaciones","status":"publish","type":"post","link":"https:\/\/jms.com.bo\/mediamonitor\/2022\/06\/09\/la-ley-del-oro-genera-division-entre-mineros-y-anuncian-movilizaciones\/","title":{"rendered":"La ley del oro genera divisi\u00f3n entre mineros y anuncian movilizaciones"},"content":{"rendered":"<p style=\"text-align: justify;\">El proyecto de ley del oro para elevar las reservas del Banco Central provoca divisi\u00f3n entre los cooperativistas mineros del pa\u00eds. Luego de que el Gobierno y una federaci\u00f3n regional acordaran viabilizar el debate de la norma en el Legislativo, al menos otras dos federaciones manifestaron su rechazo.<\/p>\n<p style=\"text-align: justify;\">El s\u00e1bado pasado, el presidente Luis Arce y los dirigentes de la Federaci\u00f3n Regional de Cooperativas Mineras Aur\u00edferas (Ferreco) expresaron en conferencia de prensa su acuerdo para viabilizar el tratamiento de esta norma, entre otros puntos.<\/p>\n<p style=\"text-align: justify;\">Dicho proyecto permitir\u00e1 un mayor control en la comercializaci\u00f3n del oro producido a nivel nacional y elevar las reservas internacionales del BCB, que podr\u00e1 adquirir el precioso metal de los cooperativistas.<\/p>\n<p style=\"text-align: justify;\">Despu\u00e9s de este anuncio del fin de semana, la Federaci\u00f3n Nacional de Cooperativas Mineras de Bolivia (Fencomin) rechaz\u00f3 el acuerdo. \u00abDe manera arbitraria algunas federaciones regionales se han puesto a hacer el trabajo de Fencomin. Este proyecto no ha sido consensuado por todas las federaciones. Hay una molestia y no vamos a permitir estos trabajos de manera particular\u00bb, indic\u00f3 el presidente de esta organizaci\u00f3n, Octavio Ramos.<\/p>\n<p style=\"text-align: justify;\">Por otro lado, la Federaci\u00f3n Regional de Cooperativas Mineras Aur\u00edferas del Norte de La Paz (Fecoman) tambi\u00e9n expres\u00f3 su molestia, se declar\u00f3 en emergencia y \u00aben pie de movilizaci\u00f3n\u00bb por los acuerdos que alcanz\u00f3 el Ejecutivo con una sola federaci\u00f3n.<\/p>\n<p style=\"text-align: justify;\">As\u00ed la dirigencia de esta federaci\u00f3n resolvi\u00f3 \u00abdesconocer y rechazar el acuerdo unilateral\u00bb.<\/p>\n<p style=\"text-align: justify;\">El presidente de la organizaci\u00f3n, Ramiro Balmaceda, dijo que coordinar\u00e1n una reuni\u00f3n con los dirigentes de Ferreco y a\u00f1adi\u00f3 que no est\u00e1n en contra de la ley del oro, pero su condici\u00f3n es que \u00e9sta sea debatida de forma paralela con la norma de tributaci\u00f3n minera.<\/p>\n<p style=\"text-align: justify;\">\u00abRatificamos que esto debe ser analizado, tratado y aprobado de forma paralela o conjunta y no de manera separada con la propuesta del r\u00e9gimen tributario del oro presentada en su oportunidad\u00bb, declar\u00f3.<\/p>\n<p style=\"text-align: justify;\">Ya en una anterior oportunidad, los dirigentes de Ferreco y Fecoman se\u00f1alaron que su sector propuso un impuesto del 3 por ciento, pero que el Gobierno ped\u00eda un 7 por ciento.<\/p>\n<p style=\"text-align: justify;\">Asimismo, la Federaci\u00f3n Departamental de Cooperativas Mineras de La Paz (Fedecomin) anunci\u00f3 que difundir\u00e1n un pronunciamiento hoy por la ma\u00f1ana.<\/p>\n<p style=\"text-align: justify;\">Las reservas internacionales del BCB llegan a 4.593 millones de d\u00f3lares, de los cuales 2.561 millones est\u00e1n en oro, 1.458 millones en divisas y 539 millones en Derechos Especiales de Giro (DEG).<\/p>\n<p style=\"text-align: justify;\">Los dirigentes mineros de La Paz insisten en que la ley del oro se trate de forma paralela con su propuesta tributaria.<\/p>\n<p style=\"text-align: justify;\">inconformidad<\/p>\n<p style=\"text-align: justify;\">Analizan a nueva directora de AJAM<\/p>\n<p style=\"text-align: justify;\">La Federaci\u00f3n Nacional de Cooperativas Mineras de Bolivia (Fencomin) inform\u00f3 que analizar\u00e1n el pr\u00f3ximo jueves el nombramiento de la nueva directora de la Autoridad Jurisdiccional Administrativa Minera (AJAM), Carmen L\u00f3pez.<\/p>\n<p style=\"text-align: justify;\">\u00abEstamos haciendo una evaluaci\u00f3n con todas las federaciones regionales y departamentales el jueves en Oruro y haremos un an\u00e1lisis espec\u00edfico para el tema de decisiones\u00bb, manifest\u00f3 al ser consultado al respecto el presidente de la Fencomin, Octavio Ramos.<\/p>\n<p style=\"text-align: justify;\">El lunes pasado, la Federaci\u00f3n Departamental de Cooperativas Mineras de La Paz (Fedecomin) rechaz\u00f3 este nombramiento y dio 48 horas para modificarlo.<\/p>\n<p style=\"text-align: justify;\">\n<p style=\"text-align: justify;\">\n","protected":false},"excerpt":{"rendered":"<p>El proyecto de ley del oro para elevar las reservas del Banco Central provoca divisi\u00f3n entre los cooperativistas mineros del pa\u00eds. Luego de que el Gobierno y una federaci\u00f3n regional acordaran viabilizar el debate de la norma en el Legislativo, al menos otras dos federaciones manifestaron su rechazo. El s\u00e1bado pasado, el presidente Luis Arce [&hellip;]<\/p>\n","protected":false},"author":4,"featured_media":7170,"comment_status":"open","ping_status":"open","sticky":false,"template":"","format":"standard","meta":{"footnotes":""},"categories":[49],"tags":[],"class_list":{"0":"post-28730","1":"post","2":"type-post","3":"status-publish","4":"format-standard","5":"has-post-thumbnail","7":"category-social"},"_links":{"self":[{"href":"https:\/\/jms.com.bo\/mediamonitor\/wp-json\/wp\/v2\/posts\/28730","targetHints":{"allow":["GET"]}}],"collection":[{"href":"https:\/\/jms.com.bo\/mediamonitor\/wp-json\/wp\/v2\/posts"}],"about":[{"href":"https:\/\/jms.com.bo\/mediamonitor\/wp-json\/wp\/v2\/types\/post"}],"author":[{"embeddable":true,"href":"https:\/\/jms.com.bo\/mediamonitor\/wp-json\/wp\/v2\/users\/4"}],"replies":[{"embeddable":true,"href":"https:\/\/jms.com.bo\/mediamonitor\/wp-json\/wp\/v2\/comments?post=28730"}],"version-history":[{"count":0,"href":"https:\/\/jms.com.bo\/mediamonitor\/wp-json\/wp\/v2\/posts\/28730\/revisions"}],"wp:featuredmedia":[{"embeddable":true,"href":"https:\/\/jms.com.bo\/mediamonitor\/wp-json\/wp\/v2\/media\/7170"}],"wp:attachment":[{"href":"https:\/\/jms.com.bo\/mediamonitor\/wp-json\/wp\/v2\/media?parent=28730"}],"wp:term":[{"taxonomy":"category","embeddable":true,"href":"https:\/\/jms.com.bo\/mediamonitor\/wp-json\/wp\/v2\/categories?post=28730"},{"taxonomy":"post_tag","embeddable":true,"href":"https:\/\/jms.com.bo\/mediamonitor\/wp-json\/wp\/v2\/tags?post=28730"}],"curies":[{"name":"wp","href":"https:\/\/api.w.org\/{rel}","templated":true}]}}