{"id":28740,"date":"2022-06-09T07:03:50","date_gmt":"2022-06-09T11:03:50","guid":{"rendered":"https:\/\/jms.com.bo\/mediamonitor\/2022\/06\/09\/gobernacion-de-santa-cruz-cuestiona-la-falta-de-transparencia-del-ine-y-teme-un-censo-fraudulento\/"},"modified":"2022-06-09T07:03:50","modified_gmt":"2022-06-09T11:03:50","slug":"gobernacion-de-santa-cruz-cuestiona-la-falta-de-transparencia-del-ine-y-teme-un-censo-fraudulento","status":"publish","type":"post","link":"https:\/\/jms.com.bo\/mediamonitor\/2022\/06\/09\/gobernacion-de-santa-cruz-cuestiona-la-falta-de-transparencia-del-ine-y-teme-un-censo-fraudulento\/","title":{"rendered":"Gobernaci\u00f3n de Santa Cruz cuestiona la falta de transparencia del INE y teme un Censo fraudulento"},"content":{"rendered":"<p style=\"text-align: justify;\">Tras la carta de renuncia del director del Instituto Nacional de Estad\u00edstica (INE), Humberto Arandia, la Gobernaci\u00f3n de Santa Cruz, a trav\u00e9s del asesor de Gesti\u00f3n, Efra\u00edn Su\u00e1rez, se pronunci\u00f3 cuestionando una supuesta falta de transparencia y desorganizaci\u00f3n en el actuar de este organismo con relaci\u00f3n al alejamiento de Arandia y la realizaci\u00f3n del Censo de Poblaci\u00f3n y Vivienda programado para noviembre de este a\u00f1o.<\/p>\n<p style=\"text-align: justify;\">\u201cEsta falta de transparencia tiene como muestra la forma en la que se ha manejado la renuncia del director ejecutivo del INE. Primero se filtra su renuncia por escrito a trav\u00e9s de las redes sociales, luego sale el INE a desmentir la renuncia y ahora nos encontramos con que efectivamente hab\u00eda renunciado por problemas de salud\u201d, se\u00f1al\u00f3 el asesor.<\/p>\n<p style=\"text-align: justify;\">Para Su\u00e1rez, el Censo fijado para noviembre peligra por la falta de transparencia del INE, ya que no se ha informado sobre los avances en el barrido precensal, actividad clave para definir la actualizaci\u00f3n cartogr\u00e1fica que determinar\u00e1 cu\u00e1ntas boletas se van a emitir y a cu\u00e1nto personal se va a contratar para llevar a cabo el proceso censal.<\/p>\n<p style=\"text-align: justify;\">Indic\u00f3 que, el \u00faltimo censo de 2012, el cual considera un fraude, se realiz\u00f3 con una cartograf\u00eda del 2001, lo que significa que hace m\u00e1s de 20 a\u00f1os que no se actualiza la cartograf\u00eda del pa\u00eds. Adem\u00e1s, dijo que, seg\u00fan los expertos, se tiene que llevar un proceso de tres a cuatro a\u00f1os para actualizar la cartograf\u00eda; sin embargo, el INE solo ha actualizado el 13% y pretende actualizar el resto en los pr\u00f3ximos meses.<\/p>\n<p style=\"text-align: justify;\">\u201cEl Censo no es que vaya por mal camino, no va por ning\u00fan camino, nos est\u00e1n vendiendo gato por liebre, no hay una informaci\u00f3n transparente, no hay actualizaci\u00f3n cartogr\u00e1fica y sin eso, el Censo va a volver a ser un fraude\u201d, lament\u00f3.<\/p>\n<p style=\"text-align: justify;\">Asimismo, considera que, si el Censo no se lleva adelante el 16 de noviembre de este a\u00f1o o si se realiza en medio de las susceptibilidades existentes, se podr\u00eda desatar una nueva crisis social y pol\u00edtica en el pa\u00eds.<\/p>\n<p style=\"text-align: justify;\">\u201cNosotros le decimos al Gobierno nacional y al INE que no se equivoquen, el pueblo boliviano est\u00e1 consciente de la falta de transparencia y de lo que ustedes quieren hacer (\u2026) En vez de dedicarse generar bloqueos dentro del departamento de Santa Cruz, deber\u00eda fortalecer el INE y darle confiabilidad al Censo nacional, que hasta el momento no lo tiene\u201d, finaliz\u00f3.<\/p>\n","protected":false},"excerpt":{"rendered":"<p>Tras la carta de renuncia del director del Instituto Nacional de Estad\u00edstica (INE), Humberto Arandia, la Gobernaci\u00f3n de Santa Cruz, a trav\u00e9s del asesor de Gesti\u00f3n, Efra\u00edn Su\u00e1rez, se pronunci\u00f3 cuestionando una supuesta falta de transparencia y desorganizaci\u00f3n en el actuar de este organismo con relaci\u00f3n al alejamiento de Arandia y la realizaci\u00f3n del Censo [&hellip;]<\/p>\n","protected":false},"author":4,"featured_media":28741,"comment_status":"open","ping_status":"open","sticky":false,"template":"","format":"standard","meta":{"footnotes":""},"categories":[20],"tags":[],"class_list":{"0":"post-28740","1":"post","2":"type-post","3":"status-publish","4":"format-standard","5":"has-post-thumbnail","7":"category-actualidad"},"_links":{"self":[{"href":"https:\/\/jms.com.bo\/mediamonitor\/wp-json\/wp\/v2\/posts\/28740","targetHints":{"allow":["GET"]}}],"collection":[{"href":"https:\/\/jms.com.bo\/mediamonitor\/wp-json\/wp\/v2\/posts"}],"about":[{"href":"https:\/\/jms.com.bo\/mediamonitor\/wp-json\/wp\/v2\/types\/post"}],"author":[{"embeddable":true,"href":"https:\/\/jms.com.bo\/mediamonitor\/wp-json\/wp\/v2\/users\/4"}],"replies":[{"embeddable":true,"href":"https:\/\/jms.com.bo\/mediamonitor\/wp-json\/wp\/v2\/comments?post=28740"}],"version-history":[{"count":0,"href":"https:\/\/jms.com.bo\/mediamonitor\/wp-json\/wp\/v2\/posts\/28740\/revisions"}],"wp:featuredmedia":[{"embeddable":true,"href":"https:\/\/jms.com.bo\/mediamonitor\/wp-json\/wp\/v2\/media\/28741"}],"wp:attachment":[{"href":"https:\/\/jms.com.bo\/mediamonitor\/wp-json\/wp\/v2\/media?parent=28740"}],"wp:term":[{"taxonomy":"category","embeddable":true,"href":"https:\/\/jms.com.bo\/mediamonitor\/wp-json\/wp\/v2\/categories?post=28740"},{"taxonomy":"post_tag","embeddable":true,"href":"https:\/\/jms.com.bo\/mediamonitor\/wp-json\/wp\/v2\/tags?post=28740"}],"curies":[{"name":"wp","href":"https:\/\/api.w.org\/{rel}","templated":true}]}}