{"id":28742,"date":"2022-06-09T07:04:57","date_gmt":"2022-06-09T11:04:57","guid":{"rendered":"https:\/\/jms.com.bo\/mediamonitor\/2022\/06\/09\/arce-rechaza-renuncia-y-arandia-permanece-como-director-del-ine\/"},"modified":"2022-06-09T07:04:57","modified_gmt":"2022-06-09T11:04:57","slug":"arce-rechaza-renuncia-y-arandia-permanece-como-director-del-ine","status":"publish","type":"post","link":"https:\/\/jms.com.bo\/mediamonitor\/2022\/06\/09\/arce-rechaza-renuncia-y-arandia-permanece-como-director-del-ine\/","title":{"rendered":"Arce rechaza renuncia y Arandia permanece como director del INE"},"content":{"rendered":"<p style=\"text-align: justify;\">Tras una conversaci\u00f3n, el presidente Luis Arce rechaz\u00f3 la renuncia y Humberto Arandia permanece como director del Instituto Nacional de Estad\u00edstica (INE), aunque con una baja temporal por sus problemas de salud, inform\u00f3 la viceministra de Comunicaci\u00f3n, Gabriela Alc\u00f3n.<\/p>\n<p style=\"text-align: justify;\">\u201cYa han conversado, lo van a oficializar de manera p\u00fablica, el presidente Arce con el director (Arandi), sigue siendo el director del INE. Le ha dado su respaldo para que contin\u00fae a la cabeza de esta instituci\u00f3n\u201d, asegur\u00f3 y afirm\u00f3 que la carta de renuncia \u201cha sido rechazada\u201d.<\/p>\n<p style=\"text-align: justify;\">Arandia confirm\u00f3 la noche del martes y la ma\u00f1ana de este viernes que renunci\u00f3 al cargo por problemas de salud, aunque esperaba la aceptaci\u00f3n de Arce.<\/p>\n<p style=\"text-align: justify;\">\u201cLamentablemente, seg\u00fan el criterio m\u00e9dico que tengo emitido voy a requerir m\u00e1s intervenciones quir\u00fargicas, pero (su situaci\u00f3n) es una decisi\u00f3n que se encuentra a cargo del presidente (Arce)\u201d, afirm\u00f3 el martes en una entrevista en el canal estatal.<\/p>\n<p style=\"text-align: justify;\">Arandia asegur\u00f3 en todo momento que la realizaci\u00f3n del censo del 16 de noviembre est\u00e1 garantizado, porque este proceso es responsabilidad de todo un equipo y no de una persona.<\/p>\n<p style=\"text-align: justify;\">Alc\u00f3n tambi\u00e9n destac\u00f3 que el censo est\u00e1 en curso.<\/p>\n","protected":false},"excerpt":{"rendered":"<p>Tras una conversaci\u00f3n, el presidente Luis Arce rechaz\u00f3 la renuncia y Humberto Arandia permanece como director del Instituto Nacional de Estad\u00edstica (INE), aunque con una baja temporal por sus problemas de salud, inform\u00f3 la viceministra de Comunicaci\u00f3n, Gabriela Alc\u00f3n. \u201cYa han conversado, lo van a oficializar de manera p\u00fablica, el presidente Arce con el director [&hellip;]<\/p>\n","protected":false},"author":4,"featured_media":28743,"comment_status":"open","ping_status":"open","sticky":false,"template":"","format":"standard","meta":{"footnotes":""},"categories":[20,47,48],"tags":[],"class_list":{"0":"post-28742","1":"post","2":"type-post","3":"status-publish","4":"format-standard","5":"has-post-thumbnail","7":"category-actualidad","8":"category-portada-actualidad","9":"category-portada-general-sitio"},"_links":{"self":[{"href":"https:\/\/jms.com.bo\/mediamonitor\/wp-json\/wp\/v2\/posts\/28742","targetHints":{"allow":["GET"]}}],"collection":[{"href":"https:\/\/jms.com.bo\/mediamonitor\/wp-json\/wp\/v2\/posts"}],"about":[{"href":"https:\/\/jms.com.bo\/mediamonitor\/wp-json\/wp\/v2\/types\/post"}],"author":[{"embeddable":true,"href":"https:\/\/jms.com.bo\/mediamonitor\/wp-json\/wp\/v2\/users\/4"}],"replies":[{"embeddable":true,"href":"https:\/\/jms.com.bo\/mediamonitor\/wp-json\/wp\/v2\/comments?post=28742"}],"version-history":[{"count":0,"href":"https:\/\/jms.com.bo\/mediamonitor\/wp-json\/wp\/v2\/posts\/28742\/revisions"}],"wp:featuredmedia":[{"embeddable":true,"href":"https:\/\/jms.com.bo\/mediamonitor\/wp-json\/wp\/v2\/media\/28743"}],"wp:attachment":[{"href":"https:\/\/jms.com.bo\/mediamonitor\/wp-json\/wp\/v2\/media?parent=28742"}],"wp:term":[{"taxonomy":"category","embeddable":true,"href":"https:\/\/jms.com.bo\/mediamonitor\/wp-json\/wp\/v2\/categories?post=28742"},{"taxonomy":"post_tag","embeddable":true,"href":"https:\/\/jms.com.bo\/mediamonitor\/wp-json\/wp\/v2\/tags?post=28742"}],"curies":[{"name":"wp","href":"https:\/\/api.w.org\/{rel}","templated":true}]}}