{"id":28744,"date":"2022-06-09T07:06:30","date_gmt":"2022-06-09T11:06:30","guid":{"rendered":"https:\/\/jms.com.bo\/mediamonitor\/2022\/06\/09\/nadia-cruz-al-fiscal-general-usted-obstaculiza-mi-trabajo-lo-voy-a-demandar-no-le-tengo-miedo\/"},"modified":"2022-06-09T07:06:30","modified_gmt":"2022-06-09T11:06:30","slug":"nadia-cruz-al-fiscal-general-usted-obstaculiza-mi-trabajo-lo-voy-a-demandar-no-le-tengo-miedo","status":"publish","type":"post","link":"https:\/\/jms.com.bo\/mediamonitor\/2022\/06\/09\/nadia-cruz-al-fiscal-general-usted-obstaculiza-mi-trabajo-lo-voy-a-demandar-no-le-tengo-miedo\/","title":{"rendered":"Nadia Cruz al Fiscal General: \u00abusted obstaculiza mi trabajo\u00bb, \u00ablo voy a demandar\u00bb, \u00abno le tengo miedo\u00bb"},"content":{"rendered":"<p style=\"text-align: justify;\">La Defensora del Pueblo, Nadia Cruz, volvi\u00f3 a acusar al fiscal general Juan Lanchipa, de obstaculizar su trabajo, pero adem\u00e1s compar\u00f3 a la autoridad del Ministerio P\u00fablico con el Gobierno de Jeanine A\u00f1ez y anunci\u00f3 que lo demandar\u00e1 ante la Comisi\u00f3n Interamericana de Derechos Humanos (CIDH).<\/p>\n<p style=\"text-align: justify;\">\u00abYo le he dicho de frente que usted obstaculiza mi trabajo, que usted se niega a responder en cuanto a los requerimientos de la Defensor\u00eda del Pueblo en muchos casos aduciendo reserva\u00bb, dijo Cruz.<\/p>\n<p style=\"text-align: justify;\">La pol\u00e9mica surgi\u00f3 despu\u00e9s de que la Defensor\u00eda emiti\u00f3 un informe en que observa deficiencias y carencias en el trabajo del Instituto de Investigaciones Forenses (IDIF), que es una entidad dependiente del Ministerio P\u00fablico.<\/p>\n<p style=\"text-align: justify;\">La enlace del IDIF, Grace Mercado, respondi\u00f3 a Cruz acus\u00e1ndola de mentir en su informe, pero tambi\u00e9n afirm\u00f3 que ha concluido su mandato y que ya no funge como Defensora.<\/p>\n<p style=\"text-align: justify;\">Cruz manifest\u00f3 que el Fiscal General \u00abno quiere dar la cara en este caso\u00bb y mand\u00f3 a la responsable del IDIF a pronunciarse.<\/p>\n<p style=\"text-align: justify;\">Afirm\u00f3 que cuando la Defensor\u00eda hace consultas al IDIF, esta entidad evade responder bajo el argumento de que su conducto regular es a trav\u00e9s del Fiscal General.<\/p>\n<p style=\"text-align: justify;\">Record\u00f3 que un informe similar anterior de la Defensor\u00eda fue notificado al IDIF en 2020 y que, entonces, esa entidad reconoci\u00f3 que ha tenido muy pocos avances para cumplir las observaciones.<\/p>\n<p style=\"text-align: justify;\">Compar\u00f3 la actitud de la Fiscal\u00eda con la del Gobierno de A\u00f1ez, por argumentar que su mandato se ha cumplido. En 2020, el Gobierno transitorio desconoci\u00f3 el mandato de Cruz y dej\u00f3 de responder a sus requerimientos.<\/p>\n<p style=\"text-align: justify;\">\u00abYo le digo al Fiscal General: mi mandato no ha terminado Fiscal. Yo no me estoy escudando en las v\u00edctimas ni uso las v\u00edctimas y tampoco las dej\u00f3 solas. Yo voy a seguir trabajando por el pueblo boliviano y le voy a seguir recordando p\u00fablica y oficialmente las obligaciones que usted debe cumplir\u00bb, dijo Cruz.<\/p>\n<p style=\"text-align: justify;\">A tiempo de anunciar que denunciar\u00e1 al Fiscal General ante la CIDH, Cruz record\u00f3 que desde 2019 ya ha reportado que el Ministerio P\u00fablico obstaculiza las labores de la Defensor\u00eda del Pueblo.<\/p>\n<p style=\"text-align: justify;\">\u00abLo voy a demandar Fiscal General. Yo no le tengo miedo\u00bb, manifest\u00f3.<\/p>\n<p style=\"text-align: justify;\">Tambi\u00e9n la Defensora denunci\u00f3 que la Fiscal\u00eda se reh\u00fasa a dar informaci\u00f3n sobre casos como el de Marco Aramayo, quien falleci\u00f3 mientras cumpl\u00eda detenci\u00f3n preventiva, y la muerte del joven Basilio Titi en Potos\u00ed.<\/p>\n","protected":false},"excerpt":{"rendered":"<p>La Defensora del Pueblo, Nadia Cruz, volvi\u00f3 a acusar al fiscal general Juan Lanchipa, de obstaculizar su trabajo, pero adem\u00e1s compar\u00f3 a la autoridad del Ministerio P\u00fablico con el Gobierno de Jeanine A\u00f1ez y anunci\u00f3 que lo demandar\u00e1 ante la Comisi\u00f3n Interamericana de Derechos Humanos (CIDH). \u00abYo le he dicho de frente que usted obstaculiza [&hellip;]<\/p>\n","protected":false},"author":4,"featured_media":0,"comment_status":"open","ping_status":"open","sticky":false,"template":"","format":"standard","meta":{"footnotes":""},"categories":[18],"tags":[],"class_list":{"0":"post-28744","1":"post","2":"type-post","3":"status-publish","4":"format-standard","6":"category-politica"},"_links":{"self":[{"href":"https:\/\/jms.com.bo\/mediamonitor\/wp-json\/wp\/v2\/posts\/28744","targetHints":{"allow":["GET"]}}],"collection":[{"href":"https:\/\/jms.com.bo\/mediamonitor\/wp-json\/wp\/v2\/posts"}],"about":[{"href":"https:\/\/jms.com.bo\/mediamonitor\/wp-json\/wp\/v2\/types\/post"}],"author":[{"embeddable":true,"href":"https:\/\/jms.com.bo\/mediamonitor\/wp-json\/wp\/v2\/users\/4"}],"replies":[{"embeddable":true,"href":"https:\/\/jms.com.bo\/mediamonitor\/wp-json\/wp\/v2\/comments?post=28744"}],"version-history":[{"count":0,"href":"https:\/\/jms.com.bo\/mediamonitor\/wp-json\/wp\/v2\/posts\/28744\/revisions"}],"wp:attachment":[{"href":"https:\/\/jms.com.bo\/mediamonitor\/wp-json\/wp\/v2\/media?parent=28744"}],"wp:term":[{"taxonomy":"category","embeddable":true,"href":"https:\/\/jms.com.bo\/mediamonitor\/wp-json\/wp\/v2\/categories?post=28744"},{"taxonomy":"post_tag","embeddable":true,"href":"https:\/\/jms.com.bo\/mediamonitor\/wp-json\/wp\/v2\/tags?post=28744"}],"curies":[{"name":"wp","href":"https:\/\/api.w.org\/{rel}","templated":true}]}}