{"id":28745,"date":"2022-06-09T07:08:10","date_gmt":"2022-06-09T11:08:10","guid":{"rendered":"https:\/\/jms.com.bo\/mediamonitor\/2022\/06\/09\/ven-que-morales-exhibe-tensiones-preelectorales-y-anticipan-escenarios-de-protesta\/"},"modified":"2022-06-09T07:08:10","modified_gmt":"2022-06-09T11:08:10","slug":"ven-que-morales-exhibe-tensiones-preelectorales-y-anticipan-escenarios-de-protesta","status":"publish","type":"post","link":"https:\/\/jms.com.bo\/mediamonitor\/2022\/06\/09\/ven-que-morales-exhibe-tensiones-preelectorales-y-anticipan-escenarios-de-protesta\/","title":{"rendered":"Ven que Morales exhibe tensiones preelectorales y anticipan escenarios de protesta"},"content":{"rendered":"<p style=\"text-align: justify;\">Las cr\u00edticas del expresidente Evo Morales a la gesti\u00f3n del gobierno de Luis Arce tienen que ver con afanes electorales \u201cmuy anticipados\u201d que este l\u00edder pol\u00edtico pudo exhibir con esos reclamos, se\u00f1alaron dos expertos en el an\u00e1lisis pol\u00edtico consultados por EL DEBER<\/p>\n<p style=\"text-align: justify;\">Franco Gamboa, soci\u00f3logo y especialista en gesti\u00f3n p\u00fablica, afirm\u00f3 que el MAS enfrenta \u201cuna ruptura con tensiones pol\u00edticas\u201d porque Morales \u201cquiere apresuradamente que su partido lo declare candidato presidencial\u201d con miras a los comicios de 2025.<\/p>\n<p style=\"text-align: justify;\">\u201cAs\u00ed, queda abierta la pregunta para saber si efectivamente, Evo Morales est\u00e1 presionando para ser candidato al desprestigiar la gesti\u00f3n de Gobierno y promover una crisis de gobernabilidad para mostrarse como un l\u00edder insustituible\u201d, apunto.<\/p>\n<p style=\"text-align: justify;\">Gamboa afirm\u00f3, adem\u00e1s, que el l\u00edder del MAS \u201cest\u00e1 con una actitud de boicot muy similar a la que \u00e9l ten\u00eda cuando no estaba en las esferas del poder luchando, entrecomillas, contra el gobierno neoliberal\u201d.<\/p>\n<p style=\"text-align: justify;\">Pero el polit\u00f3logo Marcelo Arequipa no cree que exista riesgos de gobernabilidad pol\u00edtica porque el Ejecutivo no se ha constituido en base a pactos pol\u00edticos como en la \u00e9poca de los a\u00f1os 90, pero s\u00ed existen tensiones por efecto de los intereses sectoriales.<\/p>\n<p style=\"text-align: justify;\">De hecho, Arequipa considera que Evo no se est\u00e1 presentando como un l\u00edder nacional ni expresidente, sino como dirigente de uno de los sectores sociales que son parte del gobierno, en este caso, los productores de coca del tr\u00f3pico de Cochabamba.<\/p>\n<p style=\"text-align: justify;\">\u201cTenemos ahora a un Evo muy parecido a la d\u00e9cada de los 90, cuando era dirigente cocalero y exig\u00eda que se atienda su pliego petitorio\u201d, puntualiz\u00f3 el polit\u00f3logo.<\/p>\n<p style=\"text-align: justify;\">Morales dijo el martes que los resultados de la gesti\u00f3n pol\u00edtica del gobierno de Luis Arce \u201cno se sienten\u201d en \u201clas familias del campo y las ciudades\u201d. Puso como ejemplo la ca\u00edda en el pago de jornal para los alba\u00f1iles de Bs 120 a Bs 60 y reclam\u00f3 por obras y caminos.<\/p>\n<p style=\"text-align: justify;\">Adem\u00e1s, el exmandatario dijo que ten\u00eda pruebas de corrupci\u00f3n en el Ministerio de Obras P\u00fablicas, pero que no public\u00f3 porque cuando denunci\u00f3 el caso narco audios no fue atendido correctamente por el Ministerio de Gobierno. Evo tambi\u00e9n se quej\u00f3 por sobrevuelo y aterrizaje de helic\u00f3pteros en terrenos \u201cprivados\u201d de su sindicato.<\/p>\n<p style=\"text-align: justify;\">Hasta el momento, el presidente Luis Arce no se ha pronunciado sobre estas denuncias. Arequipa se\u00f1ala que existe una \u201cestrategia pol\u00edtica\u201d por parte del Ejecutivo, pero en este contexto de tensiones preelectorales.<\/p>\n<p style=\"text-align: justify;\">\u201c\u00bfQu\u00e9 pasar\u00eda si el presidente, de manera inmediata, lo atendiese a Evo? Estar\u00edamos hablando de que Luis Arce no gobierna y que se deja gobernar por la presi\u00f3n de los cocaleros.<\/p>\n<p style=\"text-align: justify;\">De manera un poco m\u00e1s prudente, desde el Ejecutivo, se est\u00e1n manejando estas cosas y lo que veo es un poco m\u00e1s de estrategia pol\u00edtica antes que una acci\u00f3n reactiva\u201d, apunt\u00f3.<\/p>\n<p style=\"text-align: justify;\">Gamboa cree que existe falta de decisi\u00f3n por parte del Ejecutivo y que hay una percepci\u00f3n ciudadana que ve que Are \u201cmira de palco\u201d un tema que puede generar muchos m\u00e1s problemas \u201cen un escenario de crisis\u201d.<\/p>\n<p style=\"text-align: justify;\">\u201cMuy probablemente, Evo asumi\u00f3 que con la victoria de 2020 el partido iba a depender de \u00e9l. Y esta es una clara muestra que Morales se declare como un enemigo interno de la renovaci\u00f3n de liderazgo pol\u00edtico. Quiere ser candidato y que as\u00ed lo reconozcan\u201d, remarc\u00f3.<\/p>\n","protected":false},"excerpt":{"rendered":"<p>Las cr\u00edticas del expresidente Evo Morales a la gesti\u00f3n del gobierno de Luis Arce tienen que ver con afanes electorales \u201cmuy anticipados\u201d que este l\u00edder pol\u00edtico pudo exhibir con esos reclamos, se\u00f1alaron dos expertos en el an\u00e1lisis pol\u00edtico consultados por EL DEBER Franco Gamboa, soci\u00f3logo y especialista en gesti\u00f3n p\u00fablica, afirm\u00f3 que el MAS enfrenta [&hellip;]<\/p>\n","protected":false},"author":4,"featured_media":28746,"comment_status":"open","ping_status":"open","sticky":false,"template":"","format":"standard","meta":{"footnotes":""},"categories":[18],"tags":[],"class_list":{"0":"post-28745","1":"post","2":"type-post","3":"status-publish","4":"format-standard","5":"has-post-thumbnail","7":"category-politica"},"_links":{"self":[{"href":"https:\/\/jms.com.bo\/mediamonitor\/wp-json\/wp\/v2\/posts\/28745","targetHints":{"allow":["GET"]}}],"collection":[{"href":"https:\/\/jms.com.bo\/mediamonitor\/wp-json\/wp\/v2\/posts"}],"about":[{"href":"https:\/\/jms.com.bo\/mediamonitor\/wp-json\/wp\/v2\/types\/post"}],"author":[{"embeddable":true,"href":"https:\/\/jms.com.bo\/mediamonitor\/wp-json\/wp\/v2\/users\/4"}],"replies":[{"embeddable":true,"href":"https:\/\/jms.com.bo\/mediamonitor\/wp-json\/wp\/v2\/comments?post=28745"}],"version-history":[{"count":0,"href":"https:\/\/jms.com.bo\/mediamonitor\/wp-json\/wp\/v2\/posts\/28745\/revisions"}],"wp:featuredmedia":[{"embeddable":true,"href":"https:\/\/jms.com.bo\/mediamonitor\/wp-json\/wp\/v2\/media\/28746"}],"wp:attachment":[{"href":"https:\/\/jms.com.bo\/mediamonitor\/wp-json\/wp\/v2\/media?parent=28745"}],"wp:term":[{"taxonomy":"category","embeddable":true,"href":"https:\/\/jms.com.bo\/mediamonitor\/wp-json\/wp\/v2\/categories?post=28745"},{"taxonomy":"post_tag","embeddable":true,"href":"https:\/\/jms.com.bo\/mediamonitor\/wp-json\/wp\/v2\/tags?post=28745"}],"curies":[{"name":"wp","href":"https:\/\/api.w.org\/{rel}","templated":true}]}}