{"id":28747,"date":"2022-06-09T07:09:30","date_gmt":"2022-06-09T11:09:30","guid":{"rendered":"https:\/\/jms.com.bo\/mediamonitor\/2022\/06\/09\/tribunal-dicta-nuevo-receso-en-el-juicio-contra-anez-hasta-este-jueves-a-las-1400\/"},"modified":"2022-06-09T07:09:30","modified_gmt":"2022-06-09T11:09:30","slug":"tribunal-dicta-nuevo-receso-en-el-juicio-contra-anez-hasta-este-jueves-a-las-1400","status":"publish","type":"post","link":"https:\/\/jms.com.bo\/mediamonitor\/2022\/06\/09\/tribunal-dicta-nuevo-receso-en-el-juicio-contra-anez-hasta-este-jueves-a-las-1400\/","title":{"rendered":"Tribunal dicta nuevo receso en el juicio contra \u00c1\u00f1ez hasta este jueves a las 14:00"},"content":{"rendered":"<p style=\"text-align: justify;\">Tras aproximadamente 4 horas de juicio, el Tribunal Primero de Sentencia Anticorrupci\u00f3n de La Paz determin\u00f3 este mi\u00e9rcoles un nuevo receso en el juicio por el caso \u00abGolpe de Estado II\u00bb, que tiene como principal acusada a la expresidenta Jeanine A\u00f1ez.<\/p>\n<p style=\"text-align: justify;\">El juicio se reinstalar\u00e1 este jueves a las 14.00 horas. El Tribunal tom\u00f3 la decisi\u00f3n tras escuchar los alegatos finales de la Procuradur\u00eda General del Estado y el presidente del Senado, Andr\u00f3nico Rodr\u00edguez, demandaron, quienes solicitaron que se imponga una sentencia condenatoria de 15 a\u00f1os de c\u00e1rcel en contra de \u00c1\u00f1ez, por la comisi\u00f3n de los delitos de incumplimiento de deberes y resoluciones contrarias a la Constituci\u00f3n y las leyes.<\/p>\n<p style=\"text-align: justify;\">Durante sus intervenciones, los abogados de \u00c1\u00f1ez se defendieron la sucesi\u00f3n constitucional a la Presidencia del Senado y, posteriormente, a la Presidencia de Bolivia, en medio del ambiente de convulsi\u00f3n que se viv\u00eda en ese entonces.<\/p>\n<p style=\"text-align: justify;\">\u00abDurante el desarrollo de este proceso no se ha construido objetivamente la culpabilidad de la exmandataria de Estado y ante esta ausencia de elementos probatorios, de elementos objetivos, ante esta ausencia de identificaci\u00f3n de cu\u00e1l ser\u00eda la conducta la acci\u00f3n at\u00edpica sus autoriades deben emitir una sentencia absolutoria\u00bb, afirm\u00f3 Luis Guill\u00e9n.<\/p>\n<p style=\"text-align: justify;\">En su criterio, no existe \u00abning\u00fan elemento probatorio\u00bb que pueda demostrar las irregularidades que habr\u00edan incurrido su defendida.<\/p>\n<p style=\"text-align: justify;\">En tanto que Alain de Canedo afirm\u00f3 que no existe un procedimiento en el Senado que establezca las renuncias a la directiva, como ocurri\u00f3 en ese entonces, y adem\u00e1s hizo menci\u00f3n a un comunicado del Tribunal Constitucional Plurinacional (TCP), del 12 de noviembre de 2019, que avalaba la sucesi\u00f3n de \u00c1\u00f1ez.<\/p>\n<p style=\"text-align: justify;\">La abogada Norka Cu\u00e9llar afirm\u00f3 que la exmandataria es una \u00abdigna representante de las mujeres bolivianas\u00bb que brind\u00f3 \u00abimportantes servicios a su patria\u00bb.<\/p>\n<p style=\"text-align: justify;\">De hecho dijo que su llegada a la Presidencia de Boivia fue un acto de \u00abcoraje\u00bb, \u00abvalent\u00eda\u00bb ante la \u00abnecesidad de vac\u00edo de poder\u00bb que fue \u00abprovocado\u00bb por los entonces mandatarios Evo Morales y \u00c1lvaro Garc\u00eda Linera y toda la l\u00ednea sucesoria.<\/p>\n<p style=\"text-align: justify;\">\u00c1\u00f1ez est\u00e1 detenida preventivamente desde marzo del a\u00f1o pasado, inicialmente por el caso \u00abgolpe de Estado I\u00bb, por acusaciones de terrorismo, sedici\u00f3n y conspiraci\u00f3n, del que luego se deriv\u00f3 el proceso \u00abgolpe de Estado II\u00bb.<\/p>\n","protected":false},"excerpt":{"rendered":"<p>Tras aproximadamente 4 horas de juicio, el Tribunal Primero de Sentencia Anticorrupci\u00f3n de La Paz determin\u00f3 este mi\u00e9rcoles un nuevo receso en el juicio por el caso \u00abGolpe de Estado II\u00bb, que tiene como principal acusada a la expresidenta Jeanine A\u00f1ez. El juicio se reinstalar\u00e1 este jueves a las 14.00 horas. El Tribunal tom\u00f3 la [&hellip;]<\/p>\n","protected":false},"author":4,"featured_media":28748,"comment_status":"open","ping_status":"open","sticky":false,"template":"","format":"standard","meta":{"footnotes":""},"categories":[18,48,46],"tags":[],"class_list":{"0":"post-28747","1":"post","2":"type-post","3":"status-publish","4":"format-standard","5":"has-post-thumbnail","7":"category-politica","8":"category-portada-general-sitio","9":"category-portada-politica"},"_links":{"self":[{"href":"https:\/\/jms.com.bo\/mediamonitor\/wp-json\/wp\/v2\/posts\/28747","targetHints":{"allow":["GET"]}}],"collection":[{"href":"https:\/\/jms.com.bo\/mediamonitor\/wp-json\/wp\/v2\/posts"}],"about":[{"href":"https:\/\/jms.com.bo\/mediamonitor\/wp-json\/wp\/v2\/types\/post"}],"author":[{"embeddable":true,"href":"https:\/\/jms.com.bo\/mediamonitor\/wp-json\/wp\/v2\/users\/4"}],"replies":[{"embeddable":true,"href":"https:\/\/jms.com.bo\/mediamonitor\/wp-json\/wp\/v2\/comments?post=28747"}],"version-history":[{"count":0,"href":"https:\/\/jms.com.bo\/mediamonitor\/wp-json\/wp\/v2\/posts\/28747\/revisions"}],"wp:featuredmedia":[{"embeddable":true,"href":"https:\/\/jms.com.bo\/mediamonitor\/wp-json\/wp\/v2\/media\/28748"}],"wp:attachment":[{"href":"https:\/\/jms.com.bo\/mediamonitor\/wp-json\/wp\/v2\/media?parent=28747"}],"wp:term":[{"taxonomy":"category","embeddable":true,"href":"https:\/\/jms.com.bo\/mediamonitor\/wp-json\/wp\/v2\/categories?post=28747"},{"taxonomy":"post_tag","embeddable":true,"href":"https:\/\/jms.com.bo\/mediamonitor\/wp-json\/wp\/v2\/tags?post=28747"}],"curies":[{"name":"wp","href":"https:\/\/api.w.org\/{rel}","templated":true}]}}