{"id":28751,"date":"2022-06-09T07:12:10","date_gmt":"2022-06-09T11:12:10","guid":{"rendered":"https:\/\/jms.com.bo\/mediamonitor\/2022\/06\/09\/sequia-afecta-cultivos-de-invierno-y-helada-dana-1-600-hectareas-de-maiz-en-gutierrez\/"},"modified":"2022-06-09T07:12:10","modified_gmt":"2022-06-09T11:12:10","slug":"sequia-afecta-cultivos-de-invierno-y-helada-dana-1-600-hectareas-de-maiz-en-gutierrez","status":"publish","type":"post","link":"https:\/\/jms.com.bo\/mediamonitor\/2022\/06\/09\/sequia-afecta-cultivos-de-invierno-y-helada-dana-1-600-hectareas-de-maiz-en-gutierrez\/","title":{"rendered":"Sequ\u00eda afecta cultivos de invierno y helada da\u00f1a 1.600 hect\u00e1reas de ma\u00edz en Guti\u00e9rrez"},"content":{"rendered":"<p style=\"text-align: justify;\">Los fen\u00f3menos clim\u00e1ticos extremos acorralan a los agricultores de granos de Santa Cruz. La prolongada sequ\u00eda en el norte y este castiga los cultivos de invierno, principalmente de soya, ma\u00edz, trigo, sorgo y girasol, y la helada \u2018liquid\u00f3\u2019 al menos 1.600 hect\u00e1reas de ma\u00edz en Guti\u00e9rrez, municipio de la provincia Cordillera (Chaco cruce\u00f1o).<\/p>\n<p style=\"text-align: justify;\">A decir del presidente de la C\u00e1mara Agropecuaria de Peque\u00f1os Productores del Oriente (Cappo), Isidoro Barrientos, la situaci\u00f3n del sector en la zona este y norte es de \u2018alt\u00edsima\u2019 preocupaci\u00f3n, dada la afectaci\u00f3n en los cultivos de invierno por sequ\u00eda y falta de lluvia. Hizo notar que en este punto no llueve hace 65 d\u00edas.<\/p>\n<p style=\"text-align: justify;\">Seg\u00fan Barrientos, un 20% del total del \u00e1rea sembrada de soya, ma\u00edz, trigo, sorgo y girasol en la zona norte y este est\u00e1 comprometida y, en algunos casos, las secuelas son irreversibles. \u201cSi no llueve en estos d\u00edas, la seguridad alimentaria, en el caso del trigo, ma\u00edz y sorgo, est\u00e1 en riesgo y las actividades de los sectores pecuarios que dependen de estos granos se ver\u00e1 comprometida. Con biotecnolog\u00eda se hubiese minimizado esa inseguridad\u201d, dijo.<\/p>\n<p style=\"text-align: justify;\">EL DEBER recorri\u00f3 campos en Cuatro Ca\u00f1adas y constat\u00f3 que el ma\u00edz y el trigo son los cultivos m\u00e1s castigados por la falta de lluvias.<\/p>\n<p style=\"text-align: justify;\">Eliazer Arellano, representante de los productores del Grupo Norte Chan\u00e9-Peta Grande, refiri\u00f3 que el corte del ciclo vegetativo del trigo, a ra\u00edz del d\u00e9ficit h\u00eddrico, llev\u00f3 a varios productores a romplanear sus campos para resembrar soya para semilla, siempre y cuando llueva.<\/p>\n<p style=\"text-align: justify;\">Explic\u00f3 que muchos productores atra\u00eddos por los altos precios de mercado apostaron a este cultivo, pero el tiempo les jug\u00f3 en contra. \u201cHoy; m\u00e1s que nunca, necesitamos la biotecnolog\u00eda para minimizar las p\u00e9rdidas productivas\u201d, dijo.<\/p>\n<p style=\"text-align: justify;\">En una entrevista en la Red Unitel, el gerente general de la Asociaci\u00f3n de Productores de Oleaginosas y Trigo (Anapo), Jaime Hern\u00e1ndez, anot\u00f3 que los productores sembraron al menos 105.000 hect\u00e1reas de las 130.000 previstas para el ciclo de invierno.<\/p>\n<p style=\"text-align: justify;\">\u201cEl a\u00f1o pasado se sembraron unas 125.000 hect\u00e1reas de trigo en la campa\u00f1a de invierno, ahora se abarc\u00f3 una superficie inferior\u201d, explic\u00f3 Hern\u00e1ndez, al se\u00f1alar que un factor determinante fue la sequ\u00eda que se registr\u00f3 en mayo.<br \/>\nReliev\u00f3 que si hay una afectaci\u00f3n de sequ\u00eda -como se est\u00e1 dando- con seguridad que la producci\u00f3n se podr\u00eda ver reducida dr\u00e1sticamente al momento de la cosecha.<\/p>\n<p style=\"text-align: justify;\">En el Chaco Cruce\u00f1o<\/p>\n<p style=\"text-align: justify;\">En Guti\u00e9rrez, municipio chaque\u00f1o de la provincia Cordillera del departamento de Santa Cruz, seg\u00fan la presidenta de la Asociaci\u00f3n Integral de Peque\u00f1os Productores Agropecuarios de Guti\u00e9rrez (Aippag), Ubaldina Valverde, la helada registrada la semana pasada en la zona destruy\u00f3 unas 1.600 hect\u00e1reas \u2018resembradas\u2019 de ma\u00edz.<\/p>\n<p style=\"text-align: justify;\">\u201cLa sequ\u00eda golpe\u00f3 primero y la helada nos dio el tiro de gracia. Los productores que se arriesgaron a resembrar perdieron todo su ma\u00edz\u201d, se\u00f1al\u00f3 Valverde.<br \/>\nPara el experto en agrometeorolog\u00eda, Luis Alberto Alpire, la insistencia del sector productivo al Gobierno para que se aprueben eventos transg\u00e9nicos que contrarresten los efectos de la sequ\u00eda, en soya, ma\u00edz, incluso trigo, es m\u00e1s que justificada porque el estr\u00e9s h\u00eddrico por la falta de lluvias y las p\u00e9rdidas, son recurrentes.<\/p>\n<p style=\"text-align: justify;\">Para alivio del agro, anticipa lluvias, hoy y ma\u00f1ana, en el Norte Integrado y la Chiquitania.<\/p>\n","protected":false},"excerpt":{"rendered":"<p>Los fen\u00f3menos clim\u00e1ticos extremos acorralan a los agricultores de granos de Santa Cruz. La prolongada sequ\u00eda en el norte y este castiga los cultivos de invierno, principalmente de soya, ma\u00edz, trigo, sorgo y girasol, y la helada \u2018liquid\u00f3\u2019 al menos 1.600 hect\u00e1reas de ma\u00edz en Guti\u00e9rrez, municipio de la provincia Cordillera (Chaco cruce\u00f1o). A decir [&hellip;]<\/p>\n","protected":false},"author":4,"featured_media":28752,"comment_status":"open","ping_status":"open","sticky":false,"template":"","format":"standard","meta":{"footnotes":""},"categories":[25],"tags":[],"class_list":{"0":"post-28751","1":"post","2":"type-post","3":"status-publish","4":"format-standard","5":"has-post-thumbnail","7":"category-economia"},"_links":{"self":[{"href":"https:\/\/jms.com.bo\/mediamonitor\/wp-json\/wp\/v2\/posts\/28751","targetHints":{"allow":["GET"]}}],"collection":[{"href":"https:\/\/jms.com.bo\/mediamonitor\/wp-json\/wp\/v2\/posts"}],"about":[{"href":"https:\/\/jms.com.bo\/mediamonitor\/wp-json\/wp\/v2\/types\/post"}],"author":[{"embeddable":true,"href":"https:\/\/jms.com.bo\/mediamonitor\/wp-json\/wp\/v2\/users\/4"}],"replies":[{"embeddable":true,"href":"https:\/\/jms.com.bo\/mediamonitor\/wp-json\/wp\/v2\/comments?post=28751"}],"version-history":[{"count":0,"href":"https:\/\/jms.com.bo\/mediamonitor\/wp-json\/wp\/v2\/posts\/28751\/revisions"}],"wp:featuredmedia":[{"embeddable":true,"href":"https:\/\/jms.com.bo\/mediamonitor\/wp-json\/wp\/v2\/media\/28752"}],"wp:attachment":[{"href":"https:\/\/jms.com.bo\/mediamonitor\/wp-json\/wp\/v2\/media?parent=28751"}],"wp:term":[{"taxonomy":"category","embeddable":true,"href":"https:\/\/jms.com.bo\/mediamonitor\/wp-json\/wp\/v2\/categories?post=28751"},{"taxonomy":"post_tag","embeddable":true,"href":"https:\/\/jms.com.bo\/mediamonitor\/wp-json\/wp\/v2\/tags?post=28751"}],"curies":[{"name":"wp","href":"https:\/\/api.w.org\/{rel}","templated":true}]}}