{"id":28753,"date":"2022-06-09T07:13:18","date_gmt":"2022-06-09T11:13:18","guid":{"rendered":"https:\/\/jms.com.bo\/mediamonitor\/2022\/06\/09\/gobierno-aprobo-emision-de-guia-de-movimiento-vegetal-para-soya-y-maiz-y-agricultores-lo-ven-como-impuesto-a-la-produccion\/"},"modified":"2022-06-09T07:13:18","modified_gmt":"2022-06-09T11:13:18","slug":"gobierno-aprobo-emision-de-guia-de-movimiento-vegetal-para-soya-y-maiz-y-agricultores-lo-ven-como-impuesto-a-la-produccion","status":"publish","type":"post","link":"https:\/\/jms.com.bo\/mediamonitor\/2022\/06\/09\/gobierno-aprobo-emision-de-guia-de-movimiento-vegetal-para-soya-y-maiz-y-agricultores-lo-ven-como-impuesto-a-la-produccion\/","title":{"rendered":"Gobierno aprob\u00f3 emisi\u00f3n de gu\u00eda de movimiento vegetal para soya y ma\u00edz y agricultores lo ven como &#8216;impuesto a la producci\u00f3n&#8217;"},"content":{"rendered":"<p style=\"text-align: justify;\">El aparato productivo de Santa Cruz y el pa\u00eds no solo debe afrontar adversidades climatol\u00f3gicas, tambi\u00e9n debe digerir pol\u00edticas p\u00fablicas que, a decir en entendidos en temas agr\u00edcolas, dificultan y traban las actividades en el campo. La interpretaci\u00f3n asoma despu\u00e9s de que se conociera que el Ministerio de Desarrollo Rural y Tierras (MDRyT), a trav\u00e9s del Servicio Nacional de Sanidad Agropecuaria e Inocuidad Alimentaria (Sensasag), aprob\u00f3 la Resoluci\u00f3n Administrativa N\u00ba 102\/2022 que establece el Manual de Procedimiento para la Emisi\u00f3n y Fiscalizaci\u00f3n de Gu\u00eda de Movimiento Vegetal que, entre sus 11 cap\u00edtulos y dos anexos, que aplicar\u00e1 para el tr\u00e1nsito interno de granos de ma\u00edz y de soya.<\/p>\n<p style=\"text-align: justify;\">La emisi\u00f3n de gu\u00eda de movimiento de granos tendr\u00e1 un valor de Bs 154 y aclara que la disposici\u00f3n para los otros productos agr\u00edcolas el costo se implementar\u00e1 de forma progresiva mediante resoluci\u00f3n administrativa, considerando el grado de crecimiento de producci\u00f3n.<\/p>\n<p style=\"text-align: justify;\">Para m\u00e1s de un productor de ma\u00edz, que prefirieron no ser identificado por temor a represalias, este nuevo instructivo del Senasag es una especie de impuesto a la producci\u00f3n. Adem\u00e1s de desaprobar el costo, reparan en el proceso burocr\u00e1tico que supone la tramitolog\u00eda administrativa y el pago en el banco para obtener la gu\u00eda. \u201cLa cosecha es din\u00e1mica en \u00e9pocas normales, m\u00e1s trabas a los productores\u201d, argumentaron.<\/p>\n<p style=\"text-align: justify;\">Asimismo, repudian la actitud de las instituciones del Gobierno, que de forma inconsulta y sin \u2018socializar\u2019 el instructivo, graban tasas al productor campesino. \u201cM\u00e1s a\u00fan en un momento inoportuno de crisis en el sector productivo\u201d, mencionaron los productores.<\/p>\n<p style=\"text-align: justify;\">Un experto en temas agr\u00edcolas, que el igual que los productores evit\u00f3 ser identificado, la medida dispuesta es otra traba para el sector que genera alimentos para la mesa de los bolivianos.<\/p>\n<p style=\"text-align: justify;\">Cree que este tipo de medidas, adem\u00e1s de generar incertidumbre, desincentiva la producci\u00f3n y condiciona la decisi\u00f3n de inversi\u00f3n. \u00abSi pretender frenar el contrabando de granos deben definir un plan en fronteras y no poner obst\u00e1culos a los productores\u00bb, mencion\u00f3.<\/p>\n<p style=\"text-align: justify;\">\n","protected":false},"excerpt":{"rendered":"<p>El aparato productivo de Santa Cruz y el pa\u00eds no solo debe afrontar adversidades climatol\u00f3gicas, tambi\u00e9n debe digerir pol\u00edticas p\u00fablicas que, a decir en entendidos en temas agr\u00edcolas, dificultan y traban las actividades en el campo. La interpretaci\u00f3n asoma despu\u00e9s de que se conociera que el Ministerio de Desarrollo Rural y Tierras (MDRyT), a trav\u00e9s [&hellip;]<\/p>\n","protected":false},"author":4,"featured_media":28754,"comment_status":"open","ping_status":"open","sticky":false,"template":"","format":"standard","meta":{"footnotes":""},"categories":[25],"tags":[],"class_list":{"0":"post-28753","1":"post","2":"type-post","3":"status-publish","4":"format-standard","5":"has-post-thumbnail","7":"category-economia"},"_links":{"self":[{"href":"https:\/\/jms.com.bo\/mediamonitor\/wp-json\/wp\/v2\/posts\/28753","targetHints":{"allow":["GET"]}}],"collection":[{"href":"https:\/\/jms.com.bo\/mediamonitor\/wp-json\/wp\/v2\/posts"}],"about":[{"href":"https:\/\/jms.com.bo\/mediamonitor\/wp-json\/wp\/v2\/types\/post"}],"author":[{"embeddable":true,"href":"https:\/\/jms.com.bo\/mediamonitor\/wp-json\/wp\/v2\/users\/4"}],"replies":[{"embeddable":true,"href":"https:\/\/jms.com.bo\/mediamonitor\/wp-json\/wp\/v2\/comments?post=28753"}],"version-history":[{"count":0,"href":"https:\/\/jms.com.bo\/mediamonitor\/wp-json\/wp\/v2\/posts\/28753\/revisions"}],"wp:featuredmedia":[{"embeddable":true,"href":"https:\/\/jms.com.bo\/mediamonitor\/wp-json\/wp\/v2\/media\/28754"}],"wp:attachment":[{"href":"https:\/\/jms.com.bo\/mediamonitor\/wp-json\/wp\/v2\/media?parent=28753"}],"wp:term":[{"taxonomy":"category","embeddable":true,"href":"https:\/\/jms.com.bo\/mediamonitor\/wp-json\/wp\/v2\/categories?post=28753"},{"taxonomy":"post_tag","embeddable":true,"href":"https:\/\/jms.com.bo\/mediamonitor\/wp-json\/wp\/v2\/tags?post=28753"}],"curies":[{"name":"wp","href":"https:\/\/api.w.org\/{rel}","templated":true}]}}