{"id":32274,"date":"2022-08-30T06:35:51","date_gmt":"2022-08-30T10:35:51","guid":{"rendered":"https:\/\/jms.com.bo\/mediamonitor\/2022\/08\/30\/yacuiba-civicos-anuncian-paro-de-48-horas-con-bloqueo-de-vias\/"},"modified":"2022-08-30T06:35:51","modified_gmt":"2022-08-30T10:35:51","slug":"yacuiba-civicos-anuncian-paro-de-48-horas-con-bloqueo-de-vias","status":"publish","type":"post","link":"https:\/\/jms.com.bo\/mediamonitor\/2022\/08\/30\/yacuiba-civicos-anuncian-paro-de-48-horas-con-bloqueo-de-vias\/","title":{"rendered":"Yacuiba: C\u00edvicos anuncian paro de 48 horas con bloqueo de v\u00edas"},"content":{"rendered":"<p style=\"text-align: justify;\">El Comit\u00e9 C\u00edvico de Yacuiba, con el respaldo de la Federaci\u00f3n del Transporte Unificado del Chaco, anunci\u00f3 un paro de 48 horas con el bloqueo de carreteras, esto en protesta a los compromisos incumplidos por parte del Gobierno Nacional con la Regi\u00f3n Aut\u00f3noma del Chaco. La medida ser\u00e1 cumplida ma\u00f1ana mi\u00e9rcoles 31 de agosto y el jueves 1 de septiembre.<\/p>\n<p style=\"text-align: justify;\">Seg\u00fan ha explicado el vocero del Comit\u00e9 C\u00edvico de Yacuiba, Henry Medrano, la decisi\u00f3n ha sido adoptada el pasado s\u00e1bado en una reuni\u00f3n de instituciones del Chaco, la cual ha tenido el respaldo mayoritario de las diferentes organizaciones.<\/p>\n<p style=\"text-align: justify;\">El presidente de la Federaci\u00f3n del Transporte Unificado del Chaco, Clider Terrazas, manifest\u00f3 que la medida se la asume ante la falta de respuesta de las autoridades nacionales, m\u00e1s cuando se tiene un pliego petitorio que data desde hace varios a\u00f1os atr\u00e1s con compromisos incumplidos.<\/p>\n<p style=\"text-align: justify;\">Terrazas record\u00f3 que el pasado 17 de agosto ya se hab\u00eda asumido un paro de 24 horas, y que tras cumplir la medida han determinado dar un plazo de 10 d\u00edas a las autoridades para que puedan cumplir las demandas que tiene el Chaco, tanto en materia de salud, hidrocarburos, desarrollo productivo, seguridad ciudadana y caminos. Sin embargo, lament\u00f3 la falta de respuesta del nivel central.<\/p>\n<p style=\"text-align: justify;\">Demandas<\/p>\n<p style=\"text-align: justify;\">En lo que respecta el pliego petitorio que tiene el Chaco, el secretario de conflicto de la Federaci\u00f3n del Transporte Unificado Gran Chaco, Edson Arratia, detall\u00f3 que las demandas est\u00e1n dirigidas a seis ministerios, de Salud, Hidrocarburos, Obras P\u00fablicas, de Planificaci\u00f3n, Medio Ambiente y de Gobierno.<\/p>\n<p style=\"text-align: justify;\">En lo que respectan las demandas al Ministerio de Salud, Arratia se\u00f1al\u00f3 que exigen la creaci\u00f3n de nuevos \u00edtems para el personal de los establecimientos de salud de Yacuiba; la reposici\u00f3n de los nueve \u00edtems faltantes de primer y segundo nivel; acreditaci\u00f3n de centros de salud estrat\u00e9gicos con funcionamiento las 24 horas; la acreditaci\u00f3n del Hospital Rub\u00e9n Zelaya como centro de segundo nivel; la instalaci\u00f3n y funcionamiento de una sala de radioterapia y quimioterapia, esto de manera inmediata, por la excesiva demanda de pacientes.<\/p>\n<p style=\"text-align: justify;\">Al Ministerio de Hidrocarburos exigen el tratamiento de la nueva ley nacional de hidrocarburos; atenci\u00f3n inmediata de la contaminaci\u00f3n del r\u00edo Pilcomayo por rotura de un ducto; remediaci\u00f3n y mitigaci\u00f3n de los pasivos ambientales de Sanandita; adem\u00e1s de exigir a YPFB la devoluci\u00f3n de manera inmediata la suma de Bs. 1.401.914,97 a la cuenta del programa GNV-Tarija que fue recaudado de los Bs. 0,20.- centavos por el gas natural que se comercializa en la Regi\u00f3n Aut\u00f3noma del Gran Chaco, durante el periodo de enero a junio 2022.<\/p>\n<p style=\"text-align: justify;\">Asimismo, piden que YPFB la renuncie como agente de retenci\u00f3n de los 0,20 centavos por el gas natural que se comercializa en las estaciones de servicios que operan en la Regi\u00f3n Aut\u00f3noma del Chaco para evitar mayores da\u00f1os al programa de GNV; a esto tambi\u00e9n exigen la instalaci\u00f3n inmediata de una Distrital de Redes y Ductos en la Regi\u00f3n Aut\u00f3noma del Gran Chaco; la subvenci\u00f3n del 50% al precio del megavatio que se produce con gas chaque\u00f1o en la Termoel\u00e9ctrica del Sur.<\/p>\n<p style=\"text-align: justify;\">Tambi\u00e9n exigen una tarifa preferencial en el gas domiciliario por ser zona productora; asimismo piden el abastecimiento normal de combustible al sector agropecuario para garantizar la seguridad alimentaria de la regi\u00f3n.<\/p>\n<p style=\"text-align: justify;\">Por otro lado, rechazan que el campo Margarita sea definido como campo compartido, y advierten que no permitir\u00e1n un nuevo factor de distribuci\u00f3n que afecte a los recursos que tiene leg\u00edtimamente derecho el departamento productor de Tarija.<\/p>\n<p style=\"text-align: justify;\">Las demandas hacia el Ministerio de Obras P\u00fablicas est\u00e1n referidas a la interconexi\u00f3n con el nuevo corredor Vial Bioce\u00e1nico; la construcci\u00f3n de la doble v\u00eda en la Ruta Fundamental N\u00ba 9 Tramo Campo Pajoso-Villa Montes; adem\u00e1s que puedan hacerse cargo del mantenimiento de la ruta Yacuiba \u2014 Carapar\u00ed por parte de la ABC.<\/p>\n<p style=\"text-align: justify;\">En esa misma l\u00ednea, piden la presentaci\u00f3n del Proyecto a dise\u00f1o final de la fase I y II de la ruta Yacuiba-Campo Pajoso; como tambi\u00e9n, piden presupuestar la Construcci\u00f3n de la Doble V\u00eda Yacuiba-Campo Pajoso en sus dos fases con el 100% de presupuesto a cargo del Gobierno Central; adem\u00e1s de garantizar el estudio y la construcci\u00f3n del t\u00fanel del Aguarag\u00fce con el 100% de presupuesto a cargo del Gobierno Nacional.<\/p>\n<p style=\"text-align: justify;\">Otro de los reclamos, est\u00e1n dirigidos a la ABC y EBC para que concluyan la habilitaci\u00f3n de los desv\u00edos en el \u00e1rea de construcci\u00f3n de la doble v\u00eda Yacuiba-Pajoso sobre la Ruta 9 en su primera fase y su constante mantenimiento.<\/p>\n<p style=\"text-align: justify;\">C\u00edvicos piden Censo para el 2023<\/p>\n<p style=\"text-align: justify;\">Parte del pliego petitorio del Comit\u00e9 C\u00edvico de Yacuiba, tambi\u00e9n est\u00e1 dirigido al Ministerio de Planificaci\u00f3n, al que exigen la realizaci\u00f3n del Censo de Poblaci\u00f3n y Vivienda para el mes de junio del 2023.<\/p>\n<p style=\"text-align: justify;\">En complemento, el dirigente c\u00edvico, Henry Medrano, explic\u00f3 que se tienen demandas dirigidas hacia el Ministerio de Gobierno, esto exigiendo garantizar la seguridad ciudadana, con la implementaci\u00f3n de c\u00e1maras y la disposici\u00f3n de mayor n\u00famero de personal policial.<\/p>\n<p style=\"text-align: justify;\">Al Ministerio de Medio Ambiente y Agua exigen realizar acciones urgentes para controlar la contaminaci\u00f3n del rio Pilcomayo con el objetivo de garantizar la calidad del agua y la preservaci\u00f3n de la fauna y la flora de la Regi\u00f3n.<\/p>\n","protected":false},"excerpt":{"rendered":"<p>El Comit\u00e9 C\u00edvico de Yacuiba, con el respaldo de la Federaci\u00f3n del Transporte Unificado del Chaco, anunci\u00f3 un paro de 48 horas con el bloqueo de carreteras, esto en protesta a los compromisos incumplidos por parte del Gobierno Nacional con la Regi\u00f3n Aut\u00f3noma del Chaco. La medida ser\u00e1 cumplida ma\u00f1ana mi\u00e9rcoles 31 de agosto y [&hellip;]<\/p>\n","protected":false},"author":4,"featured_media":32275,"comment_status":"open","ping_status":"open","sticky":false,"template":"","format":"standard","meta":{"footnotes":""},"categories":[49],"tags":[],"class_list":{"0":"post-32274","1":"post","2":"type-post","3":"status-publish","4":"format-standard","5":"has-post-thumbnail","7":"category-social"},"_links":{"self":[{"href":"https:\/\/jms.com.bo\/mediamonitor\/wp-json\/wp\/v2\/posts\/32274","targetHints":{"allow":["GET"]}}],"collection":[{"href":"https:\/\/jms.com.bo\/mediamonitor\/wp-json\/wp\/v2\/posts"}],"about":[{"href":"https:\/\/jms.com.bo\/mediamonitor\/wp-json\/wp\/v2\/types\/post"}],"author":[{"embeddable":true,"href":"https:\/\/jms.com.bo\/mediamonitor\/wp-json\/wp\/v2\/users\/4"}],"replies":[{"embeddable":true,"href":"https:\/\/jms.com.bo\/mediamonitor\/wp-json\/wp\/v2\/comments?post=32274"}],"version-history":[{"count":0,"href":"https:\/\/jms.com.bo\/mediamonitor\/wp-json\/wp\/v2\/posts\/32274\/revisions"}],"wp:featuredmedia":[{"embeddable":true,"href":"https:\/\/jms.com.bo\/mediamonitor\/wp-json\/wp\/v2\/media\/32275"}],"wp:attachment":[{"href":"https:\/\/jms.com.bo\/mediamonitor\/wp-json\/wp\/v2\/media?parent=32274"}],"wp:term":[{"taxonomy":"category","embeddable":true,"href":"https:\/\/jms.com.bo\/mediamonitor\/wp-json\/wp\/v2\/categories?post=32274"},{"taxonomy":"post_tag","embeddable":true,"href":"https:\/\/jms.com.bo\/mediamonitor\/wp-json\/wp\/v2\/tags?post=32274"}],"curies":[{"name":"wp","href":"https:\/\/api.w.org\/{rel}","templated":true}]}}