{"id":32278,"date":"2022-08-30T06:40:35","date_gmt":"2022-08-30T10:40:35","guid":{"rendered":"https:\/\/jms.com.bo\/mediamonitor\/2022\/08\/30\/el-fuego-ingresa-al-parque-noel-kempff-mercado\/"},"modified":"2022-08-30T06:40:35","modified_gmt":"2022-08-30T10:40:35","slug":"el-fuego-ingresa-al-parque-noel-kempff-mercado","status":"publish","type":"post","link":"https:\/\/jms.com.bo\/mediamonitor\/2022\/08\/30\/el-fuego-ingresa-al-parque-noel-kempff-mercado\/","title":{"rendered":"El fuego ingresa al Parque Noel Kempff Mercado"},"content":{"rendered":"<p style=\"text-align: justify;\">Los incendios forestales no dan tregua y ahora han empezado a afectar las reservas forestales. Ayer se report\u00f3 un incendio en el Parque Nacional Noel Kempff Mercado, una de las \u00e1reas protegidas m\u00e1s importantes del pa\u00eds.<\/p>\n<p style=\"text-align: justify;\">Las emergencias por el fuego se han multiplicado en las \u00faltimas semanas y las brigadas comunales han tenido que reaccionar para hacer frente al fuego.<\/p>\n<p style=\"text-align: justify;\">Yovenka Rosado, directora de Recursos Naturales de la Gobernaci\u00f3n, inform\u00f3 que el incendio en el Noel Kempff Mercado se localiza en una meseta que es de dif\u00edcil acceso, por lo que se ha pedido a los guardaparques que se desplacen hasta el lugar para dise\u00f1ar la mejor estrategia de ataque al fuego.<\/p>\n<p style=\"text-align: justify;\">De su lado, Donald \u00c1\u00f1ez, guardaparque responsable de la zona sur de esta \u00e1rea protegida, confirm\u00f3 que el incendio reportado est\u00e1 en la meseta Capar\u00fa, en ese sector del parque.<\/p>\n<p style=\"text-align: justify;\">Alberto Terrazas, director del Parque Noel Kempff Mercado, lament\u00f3 que cada a\u00f1o el parque se vea afectado por los incendios, que en ocasiones se producen en lugares de dif\u00edcil acceso y acaban extingui\u00e9ndose por s\u00ed solos. \u201cEs una zona muy especial, tiene condiciones propias y muy complicada para alcanzar\u201d, resalt\u00f3 Terrazas.<\/p>\n<p style=\"text-align: justify;\">Agreg\u00f3 que est\u00e1n disponiendo de dos cuadrillas (cada una compuesta por seis guardaparques) para ingresar al parque y verificar el incendio.<\/p>\n<p style=\"text-align: justify;\">Riesgos<\/p>\n<p style=\"text-align: justify;\">Seg\u00fan el reporte de ayer, Santa Cruz tiene al 50% del departamento con riesgo extremo de incendios forestales, con una superficie afectada de 70.545 hect\u00e1reas en lo que va del a\u00f1o y 2.776 focos de quema reportados solo en este mes.<\/p>\n<p style=\"text-align: justify;\">Seg\u00fan el Sistema de Alerta Temprana de Incendios Forestales (Satif) hay varios incendios forestales activos en municipios como Concepci\u00f3n, el Carmen Rivero T\u00f3rrez, Porongo, Santa Rosa de Sara, Santa Cruz de la Sierra, Warnes, Guti\u00e9rrez y San Ignacio de Velasco. Precisamente el m\u00e1s grave es el que est\u00e1 dentro del parque Noel Kempff Mercado.<\/p>\n<p style=\"text-align: justify;\">Entre tanto, solo el domingo se registraron nueve siniestros a los que han reaccionado de manera inmediata las brigadas comunales.<\/p>\n<p style=\"text-align: justify;\">\u201cLas otras emergencias est\u00e1n siendo atendidas con la log\u00edstica especializada, tenemos brigadas de bomberos de la Gobernaci\u00f3n. Hay cisternas, carretas-tanque y equipos de intervenci\u00f3n r\u00e1pida, retardantes\u201d, asegur\u00f3 Rosado.<\/p>\n<p style=\"text-align: justify;\">Entre los hechos reportados, tres fueron de magnitud (en San Carlos, Pail\u00f3n y Ascensi\u00f3n de Guarayos) y necesitaron la reacci\u00f3n r\u00e1pida y oportuna no solo de bomberos, sino de los pobladores.<\/p>\n<p style=\"text-align: justify;\">En Ascensi\u00f3n de Guarayos, por ejemplo, se recurri\u00f3 al repique de campanas para que la gente salga de sus hogares y ayuden a combatir el fuego, que hab\u00eda comenzado en un aserradero evitando que se propague. La gente ten\u00eda miedo de que las llamas atizadas por las fuertes r\u00e1fagas de viento lleguen a las viviendas cercanas. Finalmente, un cami\u00f3n cisterna enviado por la subgobernaci\u00f3n, adem\u00e1s de maquinaria, permiti\u00f3 controlar el incendio.<\/p>\n<p style=\"text-align: justify;\">En el municipio de San Carlos, la humareda que sal\u00eda de una zona boscosa caus\u00f3 susto a los pobladores, quienes salieron de sus casas y con ayuda de baldes y mangueras, combatieron las llamas.<\/p>\n<p style=\"text-align: justify;\">\n","protected":false},"excerpt":{"rendered":"<p>Los incendios forestales no dan tregua y ahora han empezado a afectar las reservas forestales. Ayer se report\u00f3 un incendio en el Parque Nacional Noel Kempff Mercado, una de las \u00e1reas protegidas m\u00e1s importantes del pa\u00eds. Las emergencias por el fuego se han multiplicado en las \u00faltimas semanas y las brigadas comunales han tenido que [&hellip;]<\/p>\n","protected":false},"author":4,"featured_media":32279,"comment_status":"open","ping_status":"open","sticky":false,"template":"","format":"standard","meta":{"footnotes":""},"categories":[20],"tags":[],"class_list":{"0":"post-32278","1":"post","2":"type-post","3":"status-publish","4":"format-standard","5":"has-post-thumbnail","7":"category-actualidad"},"_links":{"self":[{"href":"https:\/\/jms.com.bo\/mediamonitor\/wp-json\/wp\/v2\/posts\/32278","targetHints":{"allow":["GET"]}}],"collection":[{"href":"https:\/\/jms.com.bo\/mediamonitor\/wp-json\/wp\/v2\/posts"}],"about":[{"href":"https:\/\/jms.com.bo\/mediamonitor\/wp-json\/wp\/v2\/types\/post"}],"author":[{"embeddable":true,"href":"https:\/\/jms.com.bo\/mediamonitor\/wp-json\/wp\/v2\/users\/4"}],"replies":[{"embeddable":true,"href":"https:\/\/jms.com.bo\/mediamonitor\/wp-json\/wp\/v2\/comments?post=32278"}],"version-history":[{"count":0,"href":"https:\/\/jms.com.bo\/mediamonitor\/wp-json\/wp\/v2\/posts\/32278\/revisions"}],"wp:featuredmedia":[{"embeddable":true,"href":"https:\/\/jms.com.bo\/mediamonitor\/wp-json\/wp\/v2\/media\/32279"}],"wp:attachment":[{"href":"https:\/\/jms.com.bo\/mediamonitor\/wp-json\/wp\/v2\/media?parent=32278"}],"wp:term":[{"taxonomy":"category","embeddable":true,"href":"https:\/\/jms.com.bo\/mediamonitor\/wp-json\/wp\/v2\/categories?post=32278"},{"taxonomy":"post_tag","embeddable":true,"href":"https:\/\/jms.com.bo\/mediamonitor\/wp-json\/wp\/v2\/tags?post=32278"}],"curies":[{"name":"wp","href":"https:\/\/api.w.org\/{rel}","templated":true}]}}