{"id":32320,"date":"2022-08-31T06:34:02","date_gmt":"2022-08-31T10:34:02","guid":{"rendered":"https:\/\/jms.com.bo\/mediamonitor\/2022\/08\/31\/altenos-reclaman-proteccion-a-la-policia-y-alcaldia\/"},"modified":"2022-08-31T06:34:02","modified_gmt":"2022-08-31T10:34:02","slug":"altenos-reclaman-proteccion-a-la-policia-y-alcaldia","status":"publish","type":"post","link":"https:\/\/jms.com.bo\/mediamonitor\/2022\/08\/31\/altenos-reclaman-proteccion-a-la-policia-y-alcaldia\/","title":{"rendered":"Alte\u00f1os reclaman protecci\u00f3n a la Polic\u00eda y Alcald\u00eda"},"content":{"rendered":"<p style=\"text-align: justify;\">\u201cMi familia est\u00e1 en peligro, nosotros no tenemos armas. \u00a1Con qu\u00e9 nos vamos a defender!\u201d, reclam\u00f3 ayer una de las vecinas de la zona Santa B\u00e1rbara de Mercedario en la ciudad de El Alto, a las autoridades policiales y de la Alcald\u00eda que se reunieron con las personas del sector despu\u00e9s del violento atraco, persecuci\u00f3n y balacera del lunes.<\/p>\n<p style=\"text-align: justify;\">Los vecinos reclamaron a la Polic\u00eda y a los funcionarios municipales por la creciente inseguridad con asaltos armados y por la escasa presencia policial. Dijeron que los m\u00f3dulos policiales est\u00e1n abandonados.<\/p>\n<p style=\"text-align: justify;\">En ese marco, la Alcald\u00eda alte\u00f1a plante\u00f3 la implementaci\u00f3n de un \u201cserenazgo vecinal\u201d en coordinaci\u00f3n con la Polic\u00eda que ser\u00eda la que oriente y gu\u00ede en ese trabajo a los vecinos, ya que la seguridad ciudadana es responsabilidad de la Polic\u00eda, la Alcald\u00eda y tambi\u00e9n de los vecinos. \u201cS\u00f3lo como Alcald\u00eda no vamos a poder\u201d, dijo el secretario municipal Rury Balladares.<\/p>\n<p style=\"text-align: justify;\">Sobre el atraco armado del lunes, el comandante general de la Polic\u00eda, Orlando Ponce, dijo: \u201cTenemos muy buenos avances al respecto\u201d, pero no dio ning\u00fan dato de ese avance \u201cpara no entorpecer la investigaci\u00f3n\u201d.<\/p>\n<p style=\"text-align: justify;\">Pero no fue el \u00fanico caso de asalto armado en El Alto, pues el mismo d\u00eda, es decir el lunes 29, un taxista en Villa Adela fue v\u00edctima de un ataque armado cuando un hombre tom\u00f3 el taxi en esa zona hasta la avenida Cochabamba y al llegar a su destino, el supuesto pasajero sac\u00f3 un arma. Orden\u00f3 al chofer salir de su veh\u00edculo; sin embargo, \u00e9ste pis\u00f3 el acelerador para escapar. Mientras el atracador le dispar\u00f3 varias veces logrando herirlo. Con todo y heridas, el taxista lleg\u00f3 a un centro m\u00e9dico para que lo atiendan.<\/p>\n","protected":false},"excerpt":{"rendered":"<p>\u201cMi familia est\u00e1 en peligro, nosotros no tenemos armas. \u00a1Con qu\u00e9 nos vamos a defender!\u201d, reclam\u00f3 ayer una de las vecinas de la zona Santa B\u00e1rbara de Mercedario en la ciudad de El Alto, a las autoridades policiales y de la Alcald\u00eda que se reunieron con las personas del sector despu\u00e9s del violento atraco, persecuci\u00f3n [&hellip;]<\/p>\n","protected":false},"author":4,"featured_media":32321,"comment_status":"open","ping_status":"open","sticky":false,"template":"","format":"standard","meta":{"footnotes":""},"categories":[49],"tags":[],"class_list":{"0":"post-32320","1":"post","2":"type-post","3":"status-publish","4":"format-standard","5":"has-post-thumbnail","7":"category-social"},"_links":{"self":[{"href":"https:\/\/jms.com.bo\/mediamonitor\/wp-json\/wp\/v2\/posts\/32320","targetHints":{"allow":["GET"]}}],"collection":[{"href":"https:\/\/jms.com.bo\/mediamonitor\/wp-json\/wp\/v2\/posts"}],"about":[{"href":"https:\/\/jms.com.bo\/mediamonitor\/wp-json\/wp\/v2\/types\/post"}],"author":[{"embeddable":true,"href":"https:\/\/jms.com.bo\/mediamonitor\/wp-json\/wp\/v2\/users\/4"}],"replies":[{"embeddable":true,"href":"https:\/\/jms.com.bo\/mediamonitor\/wp-json\/wp\/v2\/comments?post=32320"}],"version-history":[{"count":0,"href":"https:\/\/jms.com.bo\/mediamonitor\/wp-json\/wp\/v2\/posts\/32320\/revisions"}],"wp:featuredmedia":[{"embeddable":true,"href":"https:\/\/jms.com.bo\/mediamonitor\/wp-json\/wp\/v2\/media\/32321"}],"wp:attachment":[{"href":"https:\/\/jms.com.bo\/mediamonitor\/wp-json\/wp\/v2\/media?parent=32320"}],"wp:term":[{"taxonomy":"category","embeddable":true,"href":"https:\/\/jms.com.bo\/mediamonitor\/wp-json\/wp\/v2\/categories?post=32320"},{"taxonomy":"post_tag","embeddable":true,"href":"https:\/\/jms.com.bo\/mediamonitor\/wp-json\/wp\/v2\/tags?post=32320"}],"curies":[{"name":"wp","href":"https:\/\/api.w.org\/{rel}","templated":true}]}}