{"id":32322,"date":"2022-08-31T06:35:27","date_gmt":"2022-08-31T10:35:27","guid":{"rendered":"https:\/\/jms.com.bo\/mediamonitor\/2022\/08\/31\/paro-en-yacuiba-el-transporte-instalara-15-puntos-de-bloqueo\/"},"modified":"2022-08-31T06:35:27","modified_gmt":"2022-08-31T10:35:27","slug":"paro-en-yacuiba-el-transporte-instalara-15-puntos-de-bloqueo","status":"publish","type":"post","link":"https:\/\/jms.com.bo\/mediamonitor\/2022\/08\/31\/paro-en-yacuiba-el-transporte-instalara-15-puntos-de-bloqueo\/","title":{"rendered":"Paro en Yacuiba, el Transporte instalar\u00e1 15 puntos de bloqueo"},"content":{"rendered":"<p style=\"text-align: justify;\">Pese a que hubo un margen de espera, el Gobierno nacional no respondi\u00f3 el pliego de demandas establecido por el Comit\u00e9 C\u00edvico de Yacuiba, por ello, este mi\u00e9rcoles 31 de agosto y jueves 1 de septiembre se realizar\u00e1 un paro con bloqueo de caminos y calles. El Transporte sindicalizado, que apoya esta movilizaci\u00f3n confirm\u00f3 que se instalar\u00e1n al menos 15 puntos de bloqueo.<\/p>\n<p style=\"text-align: justify;\">El delegado presidencial en el departamento de Tarija, Marcelo Poma, no descart\u00f3 buscar un acercamiento para conocer a detalles las demandas, aunque puso en duda la legitimidad de los c\u00edvicos.<\/p>\n<p style=\"text-align: justify;\">Cabe recordar que las demandas c\u00edvicas estaban dirigidas a los ministerios de Salud, Hidrocarburos, Obras P\u00fablicas, de Planificaci\u00f3n, Medio Ambiente y de Gobierno.<\/p>\n<p style=\"text-align: justify;\">El pliego de peticiones establece: \u00edtems de salud, la instalaci\u00f3n y funcionamiento de una sala de radioterapia y quimioterapia en Yacuiba, atenci\u00f3n inmediata de la contaminaci\u00f3n del r\u00edo Pilcomayo, la subvenci\u00f3n del 50% al precio del megavatio que se produce con gas chaque\u00f1o en la Termoel\u00e9ctrica del Sur, la construcci\u00f3n de la doble v\u00eda en la Ruta Fundamental N\u00ba 9 Tramo Campo Pajoso-Villa Montes, garantizar el estudio y la construcci\u00f3n del t\u00fanel del Aguarag\u00fce con el 100% de presupuesto a cargo del Gobierno Nacional. Adem\u00e1s, rechazan el estudio del nuevo factor de distribuci\u00f3n de los campos Margarita-Huacaya, que implica la reducci\u00f3n de recursos por concepto de renta petrolera. Entre otras varias demandas.<\/p>\n<p style=\"text-align: justify;\">Edson Arratia, dirigente del Transporte de Yacuiba, confirm\u00f3 que los bloqueos se ejecutar\u00e1n en carreteras y calles del municipio. \u201cEn otras palabras, estamos hablando de la paralizaci\u00f3n total de Yacuiba\u201d, dijo, a tiempo de recalcar que todo transporte unificado, que comprende sindicatos y cooperativas, se sumar\u00e1 a la medida de presi\u00f3n.<\/p>\n<p style=\"text-align: justify;\">La medida de presi\u00f3n solo se realizar\u00e1 en la ciudad de Yacuiba, aunque hay demandas que implican a los otros municipios del Chaco, como la doble v\u00eda Yacuiba-Villa Montes, el mantenimiento de la ruta Yacuiba \u2014 Carapar\u00ed, soluci\u00f3n a la contaminaci\u00f3n del r\u00edo Pilcomayo, o la reducci\u00f3n en un 50 por ciento en la tarifa de energ\u00eda el\u00e9ctrica, tomando en cuenta que ah\u00ed se halla la Planta Termoel\u00e9ctrica del Sur.<\/p>\n<p style=\"text-align: justify;\">Arratia asegur\u00f3 que no hubo acercamiento de las autoridades nacionales ni departamentales. A excepci\u00f3n de Yacimientos Petrol\u00edferos Fiscales Bolivianos (YPFB), al que se le pide que renuncie como agente de retenci\u00f3n de los 0,20 centavos por el gas natural que se comercializa en las estaciones de servicios que operan en la Regi\u00f3n Aut\u00f3noma del Chaco para el Programa de GNV. Esto debido a que, supuestamente, la estatal petrolera tiene una deuda de 1.401.914,97 bolivianos.<\/p>\n<p style=\"text-align: justify;\">\u201cYacimientos no est\u00e1 haciendo el dep\u00f3sito a las cuentas del Programa\u201d, dijo el dirigente del Transporte, quien consider\u00f3 que una posible soluci\u00f3n es que la Empresa Tarije\u00f1a del Gas (Emtagas) retome la retenci\u00f3n de los 0,20 centavos o que el programa departamental se vuelva ente de retenci\u00f3n para la Regi\u00f3n Aut\u00f3noma del Chaco.<\/p>\n<p style=\"text-align: justify;\">Delegado cuestiona legitimidad de los c\u00edvicos<\/p>\n<p style=\"text-align: justify;\">El delegado presidencial en el departamento, Marcelo Poma, dijo desconocer las demandas de los c\u00edvicos de la ciudad de Yacuiba. Recalc\u00f3 que se ha enterado de la movilizaci\u00f3n por los medios y redes sociales, ya que a su oficina no lleg\u00f3 ning\u00fan requerimiento formal de reuni\u00f3n.<\/p>\n<p style=\"text-align: justify;\">Poma no descart\u00f3 buscar un acercamiento con los demandantes, sin embargo, puso en duda la legitimidad de los c\u00edvicos, por considerar que ya no act\u00faan por reivindicaci\u00f3n social.<\/p>\n<p style=\"text-align: justify;\">Como ejemplo, el delegado mencion\u00f3 la demanda para el sector salud, y record\u00f3 que el 12 de agosto el presidente Luis Arce Catacora anunci\u00f3 una inversi\u00f3n de m\u00e1s de 130 millones de bolivianos para el Hospital Fray Quebracho, as\u00ed como \u00edtems para fortalecer la red de salud del Chaco.<\/p>\n<p style=\"text-align: justify;\">\u201cCreo que la gente ha perdido confianza en los comit\u00e9s c\u00edvicos, porque, de un tiempo a esta parte, se han convertido en un trampol\u00edn pol\u00edtico, o en un espacio que la Gobernaci\u00f3n ha utilizado para causar convulsi\u00f3n\u201d, se\u00f1al\u00f3 Poma.<\/p>\n<p style=\"text-align: justify;\">Al confirmarse el paro, espera que sea voluntario y no se obligue a la ciudadan\u00eda a asumir esa medida de presi\u00f3n, que calific\u00f3 de perjudicial para los sectores que generan econom\u00eda, como el comercio.<\/p>\n<p style=\"text-align: justify;\">\n","protected":false},"excerpt":{"rendered":"<p>Pese a que hubo un margen de espera, el Gobierno nacional no respondi\u00f3 el pliego de demandas establecido por el Comit\u00e9 C\u00edvico de Yacuiba, por ello, este mi\u00e9rcoles 31 de agosto y jueves 1 de septiembre se realizar\u00e1 un paro con bloqueo de caminos y calles. El Transporte sindicalizado, que apoya esta movilizaci\u00f3n confirm\u00f3 que [&hellip;]<\/p>\n","protected":false},"author":4,"featured_media":32323,"comment_status":"open","ping_status":"open","sticky":false,"template":"","format":"standard","meta":{"footnotes":""},"categories":[49],"tags":[],"class_list":{"0":"post-32322","1":"post","2":"type-post","3":"status-publish","4":"format-standard","5":"has-post-thumbnail","7":"category-social"},"_links":{"self":[{"href":"https:\/\/jms.com.bo\/mediamonitor\/wp-json\/wp\/v2\/posts\/32322","targetHints":{"allow":["GET"]}}],"collection":[{"href":"https:\/\/jms.com.bo\/mediamonitor\/wp-json\/wp\/v2\/posts"}],"about":[{"href":"https:\/\/jms.com.bo\/mediamonitor\/wp-json\/wp\/v2\/types\/post"}],"author":[{"embeddable":true,"href":"https:\/\/jms.com.bo\/mediamonitor\/wp-json\/wp\/v2\/users\/4"}],"replies":[{"embeddable":true,"href":"https:\/\/jms.com.bo\/mediamonitor\/wp-json\/wp\/v2\/comments?post=32322"}],"version-history":[{"count":0,"href":"https:\/\/jms.com.bo\/mediamonitor\/wp-json\/wp\/v2\/posts\/32322\/revisions"}],"wp:featuredmedia":[{"embeddable":true,"href":"https:\/\/jms.com.bo\/mediamonitor\/wp-json\/wp\/v2\/media\/32323"}],"wp:attachment":[{"href":"https:\/\/jms.com.bo\/mediamonitor\/wp-json\/wp\/v2\/media?parent=32322"}],"wp:term":[{"taxonomy":"category","embeddable":true,"href":"https:\/\/jms.com.bo\/mediamonitor\/wp-json\/wp\/v2\/categories?post=32322"},{"taxonomy":"post_tag","embeddable":true,"href":"https:\/\/jms.com.bo\/mediamonitor\/wp-json\/wp\/v2\/tags?post=32322"}],"curies":[{"name":"wp","href":"https:\/\/api.w.org\/{rel}","templated":true}]}}