{"id":32324,"date":"2022-08-31T06:37:04","date_gmt":"2022-08-31T10:37:04","guid":{"rendered":"https:\/\/jms.com.bo\/mediamonitor\/2022\/08\/31\/se-duplican-los-incendios-forestales-y-faltan-recursos-para-entrar-al-noel-kempff\/"},"modified":"2022-08-31T06:37:04","modified_gmt":"2022-08-31T10:37:04","slug":"se-duplican-los-incendios-forestales-y-faltan-recursos-para-entrar-al-noel-kempff","status":"publish","type":"post","link":"https:\/\/jms.com.bo\/mediamonitor\/2022\/08\/31\/se-duplican-los-incendios-forestales-y-faltan-recursos-para-entrar-al-noel-kempff\/","title":{"rendered":"Se duplican los incendios forestales y faltan recursos para entrar al Noel Kempff"},"content":{"rendered":"<p style=\"text-align: justify;\">En cuesti\u00f3n de horas, las emergencias por incendios forestales en el departamento se duplicaron. De los siete registrados a inicio de semana, ayer se reportaron 14 en una decena de municipios.<\/p>\n<p style=\"text-align: justify;\">Sin embargo, los m\u00e1s preocupantes est\u00e1n dentro del Parque Nacional Noel Kempff Mercado y en el Gobierno Aut\u00f3nomo Ind\u00edgena Guaran\u00ed (GAIG) kereimba Iyaambae (Guti\u00e9rrez).<\/p>\n<p style=\"text-align: justify;\">El primero fue reportado en la jurisdicci\u00f3n del municipio de San Ignacio, en el \u00e1rea protegida Noel Kempff Mercado, en la meseta Capar\u00fa, y est\u00e1 activo desde hace tres d\u00edas.<\/p>\n<p style=\"text-align: justify;\">\u201cDesafortunadamente, ni los bomberos ni los guardaparques han podido llegar hasta la zona afectada, porque realmente es de dif\u00edcil acceso. La \u00fanica manera ser\u00eda v\u00eda a\u00e9rea, pero esto tambi\u00e9n conlleva un riesgo para el personal por m\u00e1s capacitado que est\u00e9\u201d, resalt\u00f3 Yovenka Rosado, directora de Recursos Naturales de la Gobernaci\u00f3n.<\/p>\n<p style=\"text-align: justify;\">Donald A\u00f1ez, guardaparque del lado sur del \u00e1rea protegida mencionada, revel\u00f3 que \u201cest\u00e1n buscando los recursos y medios para poder ingresar hasta la meseta, dado que es la \u00fanica manera de cuantificar los da\u00f1os y hacer el reporte respectivo\u201d.<\/p>\n<p style=\"text-align: justify;\">Agreg\u00f3 que, actualmente, tienen un veh\u00edculo en mal estado en la ciudad de Santa Cruz de la Sierra, y otro al que tambi\u00e9n le falta mantenimiento.<\/p>\n<p style=\"text-align: justify;\">Alberto Terrazas, director del Parque Nacional Noel Kempff Mercado, confes\u00f3 que el Servicio Nacional de \u00c1reas Protegidas (Sernap) en San Ignacio no cuenta con combustible para su veh\u00edculo.<br \/>\nSin embargo, esperan ir en el transcurso de esta jornada, puesto que consigui\u00f3 que el Gobierno Municipal de San Ignacio colabore con algunos recursos. \u201cAunque adem\u00e1s de ello hay que solicitar permisos y dar una vuelta por Brasil, para poder llegar hasta la meseta de Capar\u00fa\u201d, resalt\u00f3 Terrazas.<\/p>\n<p style=\"text-align: justify;\">Entre tanto, en el lado sur (Cordillera) del departamento cruce\u00f1o tambi\u00e9n preocupa el incendio en una serran\u00eda del Gobierno Aut\u00f3nomo Ind\u00edgena Guaran\u00ed (GAIG) kereimba Iyaambae (Guti\u00e9rrez).<\/p>\n<p style=\"text-align: justify;\">\u201cEstuvimos atendiendo y controlando una emergencia en la serran\u00eda de Tatarenda Nuevo hace unos d\u00edas. Esta estuvo bajo monitoreo por dos d\u00edas y nos aseguramos que est\u00e9 liquidado. Pero resulta que ahora, cerca de ese punto, en la misma serran\u00eda hay otro incendio\u201d, explic\u00f3 Rosado a tiempo de aclarar que es la Autoridad de Bosques y Tierra (ABT) la que debe investigar si se trat\u00f3 de una reactivaci\u00f3n o si alguien le prendi\u00f3 fuego a esa zona.<\/p>\n<p style=\"text-align: justify;\">Otros incendios<\/p>\n<p style=\"text-align: justify;\">De acuerdo con el reporte del Sistema de Alerta Temprana por Incendios Forestales (Satif), ayer se registraron 14 incendios distribuidos en Concepci\u00f3n, El Carmen Rivero T\u00f3rrez, Porongo, Santa Rosa del Sara, San Carlos, Camiri, La Guardia, en el Gobierno Aut\u00f3nomo Ind\u00edgena Originario Campesino (GAIOC) Charagua; m\u00e1s los dos graves, el del Gobierno Aut\u00f3nomo Ind\u00edgena Guaran\u00ed (GAIG) kereimba Iyaambae (Guti\u00e9rrez) y San Ignacio (dentro del Parque Noel Kempff Mercado).<\/p>\n<p style=\"text-align: justify;\">De su lado, Rosado asegur\u00f3 que la Gobernaci\u00f3n ha \u201cdesplazado toda su log\u00edstica y a todos los bomberos forestales, dando respuesta inmediata y oportuna a los incendios en el departamento\u201d.<\/p>\n<p style=\"text-align: justify;\">Sin embargo, la directora de Recursos Naturales indic\u00f3 que le llama la atenci\u00f3n \u201cla pasividad de las autoridades competentes como la ABT para iniciar procesos administrativos o penales que correspondan para llegar a establecer a los responsables de las emergencias por incendios forestales en el departamento\u201d.<\/p>\n<p style=\"text-align: justify;\">Los incendios forestales en el departamento ya han consumido m\u00e1s de 70.500 hect\u00e1reas hasta la fecha y los municipios declarados en desastre por emergencias forestales son cuatro, San Rafael, San Mat\u00edas, Guti\u00e9rrez y Charagua.<\/p>\n<p style=\"text-align: justify;\">En lo que va del mes se detectaron 2.988 focos de quema, teniendo un acumulado de 17.220. La mayor concentraci\u00f3n de estos focos est\u00e1 en San Jos\u00e9 de Chiquitos, Santa Rosa, Concepci\u00f3n y San Ignacio de Velasco.<\/p>\n","protected":false},"excerpt":{"rendered":"<p>En cuesti\u00f3n de horas, las emergencias por incendios forestales en el departamento se duplicaron. De los siete registrados a inicio de semana, ayer se reportaron 14 en una decena de municipios. Sin embargo, los m\u00e1s preocupantes est\u00e1n dentro del Parque Nacional Noel Kempff Mercado y en el Gobierno Aut\u00f3nomo Ind\u00edgena Guaran\u00ed (GAIG) kereimba Iyaambae (Guti\u00e9rrez). [&hellip;]<\/p>\n","protected":false},"author":4,"featured_media":32325,"comment_status":"open","ping_status":"open","sticky":false,"template":"","format":"standard","meta":{"footnotes":""},"categories":[20],"tags":[],"class_list":{"0":"post-32324","1":"post","2":"type-post","3":"status-publish","4":"format-standard","5":"has-post-thumbnail","7":"category-actualidad"},"_links":{"self":[{"href":"https:\/\/jms.com.bo\/mediamonitor\/wp-json\/wp\/v2\/posts\/32324","targetHints":{"allow":["GET"]}}],"collection":[{"href":"https:\/\/jms.com.bo\/mediamonitor\/wp-json\/wp\/v2\/posts"}],"about":[{"href":"https:\/\/jms.com.bo\/mediamonitor\/wp-json\/wp\/v2\/types\/post"}],"author":[{"embeddable":true,"href":"https:\/\/jms.com.bo\/mediamonitor\/wp-json\/wp\/v2\/users\/4"}],"replies":[{"embeddable":true,"href":"https:\/\/jms.com.bo\/mediamonitor\/wp-json\/wp\/v2\/comments?post=32324"}],"version-history":[{"count":0,"href":"https:\/\/jms.com.bo\/mediamonitor\/wp-json\/wp\/v2\/posts\/32324\/revisions"}],"wp:featuredmedia":[{"embeddable":true,"href":"https:\/\/jms.com.bo\/mediamonitor\/wp-json\/wp\/v2\/media\/32325"}],"wp:attachment":[{"href":"https:\/\/jms.com.bo\/mediamonitor\/wp-json\/wp\/v2\/media?parent=32324"}],"wp:term":[{"taxonomy":"category","embeddable":true,"href":"https:\/\/jms.com.bo\/mediamonitor\/wp-json\/wp\/v2\/categories?post=32324"},{"taxonomy":"post_tag","embeddable":true,"href":"https:\/\/jms.com.bo\/mediamonitor\/wp-json\/wp\/v2\/tags?post=32324"}],"curies":[{"name":"wp","href":"https:\/\/api.w.org\/{rel}","templated":true}]}}