{"id":32326,"date":"2022-08-31T06:38:40","date_gmt":"2022-08-31T10:38:40","guid":{"rendered":"https:\/\/jms.com.bo\/mediamonitor\/2022\/08\/31\/pilcomayo-chuquisaca-duda-de-informe-y-pide-otro-estudio\/"},"modified":"2022-08-31T06:38:40","modified_gmt":"2022-08-31T10:38:40","slug":"pilcomayo-chuquisaca-duda-de-informe-y-pide-otro-estudio","status":"publish","type":"post","link":"https:\/\/jms.com.bo\/mediamonitor\/2022\/08\/31\/pilcomayo-chuquisaca-duda-de-informe-y-pide-otro-estudio\/","title":{"rendered":"Pilcomayo: Chuquisaca duda de informe y pide otro estudio"},"content":{"rendered":"<p style=\"text-align: justify;\">Al igual que en Tarija, en Chuquisaca tampoco creen en el reporte del Gobierno que concluy\u00f3 que la \u201ccontaminaci\u00f3n es nula\u201d en el r\u00edo Pilcomayo, despu\u00e9s de la rotura de un dique de colas minero en Potos\u00ed, por ello anunciaron un nuevo estudio a trav\u00e9s de la Comisi\u00f3n de Medio Ambiente de la C\u00e1mara de Diputados, inform\u00f3 ayer la diputada Delia Arancibia.<\/p>\n<p style=\"text-align: justify;\">\u201cHay desconfianza por el informe del Gobierno y no pueden decirnos que no hay contaminaci\u00f3n, por eso tanto Chuquisaca como Potos\u00ed estamos impulsando otro estudio desde la Comisi\u00f3n de Medio Ambiente de Diputados que nos deber\u00e1 revelar qu\u00e9 realmente hay en esas aguas amarillas\u201d, agreg\u00f3 Arancibia, asamble\u00edsta de Comunidad Ciudadana (CC).<\/p>\n<p style=\"text-align: justify;\">El 23 de julio, un dique de colas de la Federaci\u00f3n de Cooperativas Mineras (Fedecomin) de Potos\u00ed se rompi\u00f3 y los residuos mineros alcanzaron en principio a las aguas de los r\u00edos Tarapaya y Rivera, luego, seg\u00fan pobladores, el da\u00f1o lleg\u00f3 hasta el Pilcomayo.<\/p>\n<p style=\"text-align: justify;\">No obstante, el 19 de agosto el viceministro de Medio Ambiente, Biodiversidad Cambios Clim\u00e1ticos y de Gesti\u00f3n y Desarrollo Forestal, Mag\u00edn Herrera, se\u00f1al\u00f3 que la contaminaci\u00f3n es nula. \u201cCon datos t\u00e9cnicos se puede indicar que la contaminaci\u00f3n es nula en el r\u00edo Pilcomayo. Por lo que decir lo contrario es solo brindar especulaciones sin ning\u00fan fundamento\u201d.<\/p>\n<p style=\"text-align: justify;\">Arancibia no est\u00e1 convencida con el estudio del Gobierno. \u201cLa contaminaci\u00f3n est\u00e1 en la cabecera del r\u00edo y con la lluvia todo eso bajar\u00e1\u201d, alert\u00f3.<\/p>\n<p style=\"text-align: justify;\">Verifican el r\u00edo Pilcomayo<\/p>\n<p style=\"text-align: justify;\">En Tarija tambi\u00e9n desconf\u00edan del informe que emiti\u00f3 el viceministro de Medio Ambiente, por ello y a iniciativa de la Secretar\u00eda de Desarrollo, Recursos Naturales y Medio Ambiente de la Gobernaci\u00f3n, un grupo de fiscales potosinos realizan desde el lunes un recorrido a 20 puntos del Pilcomayo para establecer el nivel de contaminaci\u00f3n.<\/p>\n<p style=\"text-align: justify;\">Ayer, la caravana de inspecci\u00f3n lleg\u00f3 hasta el sector de D\u2019Orbigny en Yacuiba, donde ten\u00eda previsto entrevistar a pobladores Weenhayek. En la delegaci\u00f3n se encuentra adem\u00e1s el jefe de medio ambiente y recursos naturales de la Gobernaci\u00f3n de Chuquisaca, Jorge Rodr\u00edguez, que destac\u00f3 el esfuerzo de las dos regiones.<\/p>\n<p style=\"text-align: justify;\">\u201cEste es un problema que afecta a poblaciones de los tres departamentos. Vamos a realizar inspecciones in situ para verificar que esos lodos que se han depositado sean retirados lo m\u00e1s pronto posible, porque son una amenaza constante\u201d, asever\u00f3.<\/p>\n<p style=\"text-align: justify;\">En la delegaci\u00f3n que lleg\u00f3 a Tarija tambi\u00e9n est\u00e1 la presidenta de la comisi\u00f3n de medio ambiente del Concejo Municipal de Potos\u00ed, Reyna Menacho.<\/p>\n<p style=\"text-align: justify;\">Suministro de agua en riesgo<\/p>\n<p style=\"text-align: justify;\">El problema no acaba en el Pilcomayo. La sedimentaci\u00f3n minera a causa de la rotura del dique de colas en Potos\u00ed debilit\u00f3 los pilares de la red de agua potable y por ello el suministro del l\u00edquido a un 40% de la poblaci\u00f3n potosina est\u00e1 en riesgo, se\u00f1al\u00f3 Manuel Basilio, abogado de la Administradora Aut\u00f3noma para Obras Sanitarias.<\/p>\n<p style=\"text-align: justify;\">\u201cLos pilares se han desgastado y ha puesto en riesgo la estructura, por ello el suministro de agua a una parte de la poblaci\u00f3n est\u00e1 en riesgo\u201d, explic\u00f3 Basilio. El jurista acot\u00f3 que ya notificaron a Fedecomin sobre el problema, pero no recibieron ninguna respuesta hasta la fecha.<\/p>\n<p style=\"text-align: justify;\">Basilio advirti\u00f3 que si los cooperativistas no solucionan el problema, cortar\u00e1n el suministro de agua a los mineros.<\/p>\n","protected":false},"excerpt":{"rendered":"<p>Al igual que en Tarija, en Chuquisaca tampoco creen en el reporte del Gobierno que concluy\u00f3 que la \u201ccontaminaci\u00f3n es nula\u201d en el r\u00edo Pilcomayo, despu\u00e9s de la rotura de un dique de colas minero en Potos\u00ed, por ello anunciaron un nuevo estudio a trav\u00e9s de la Comisi\u00f3n de Medio Ambiente de la C\u00e1mara de [&hellip;]<\/p>\n","protected":false},"author":4,"featured_media":32327,"comment_status":"open","ping_status":"open","sticky":false,"template":"","format":"standard","meta":{"footnotes":""},"categories":[20],"tags":[],"class_list":{"0":"post-32326","1":"post","2":"type-post","3":"status-publish","4":"format-standard","5":"has-post-thumbnail","7":"category-actualidad"},"_links":{"self":[{"href":"https:\/\/jms.com.bo\/mediamonitor\/wp-json\/wp\/v2\/posts\/32326","targetHints":{"allow":["GET"]}}],"collection":[{"href":"https:\/\/jms.com.bo\/mediamonitor\/wp-json\/wp\/v2\/posts"}],"about":[{"href":"https:\/\/jms.com.bo\/mediamonitor\/wp-json\/wp\/v2\/types\/post"}],"author":[{"embeddable":true,"href":"https:\/\/jms.com.bo\/mediamonitor\/wp-json\/wp\/v2\/users\/4"}],"replies":[{"embeddable":true,"href":"https:\/\/jms.com.bo\/mediamonitor\/wp-json\/wp\/v2\/comments?post=32326"}],"version-history":[{"count":0,"href":"https:\/\/jms.com.bo\/mediamonitor\/wp-json\/wp\/v2\/posts\/32326\/revisions"}],"wp:featuredmedia":[{"embeddable":true,"href":"https:\/\/jms.com.bo\/mediamonitor\/wp-json\/wp\/v2\/media\/32327"}],"wp:attachment":[{"href":"https:\/\/jms.com.bo\/mediamonitor\/wp-json\/wp\/v2\/media?parent=32326"}],"wp:term":[{"taxonomy":"category","embeddable":true,"href":"https:\/\/jms.com.bo\/mediamonitor\/wp-json\/wp\/v2\/categories?post=32326"},{"taxonomy":"post_tag","embeddable":true,"href":"https:\/\/jms.com.bo\/mediamonitor\/wp-json\/wp\/v2\/tags?post=32326"}],"curies":[{"name":"wp","href":"https:\/\/api.w.org\/{rel}","templated":true}]}}