{"id":32328,"date":"2022-08-31T06:40:19","date_gmt":"2022-08-31T10:40:19","guid":{"rendered":"https:\/\/jms.com.bo\/mediamonitor\/2022\/08\/31\/en-santa-cruz-crece-la-tension-y-el-gobierno-ratifica-fecha-para-el-censo\/"},"modified":"2022-08-31T06:40:19","modified_gmt":"2022-08-31T10:40:19","slug":"en-santa-cruz-crece-la-tension-y-el-gobierno-ratifica-fecha-para-el-censo","status":"publish","type":"post","link":"https:\/\/jms.com.bo\/mediamonitor\/2022\/08\/31\/en-santa-cruz-crece-la-tension-y-el-gobierno-ratifica-fecha-para-el-censo\/","title":{"rendered":"En Santa Cruz crece la tensi\u00f3n y el Gobierno ratifica fecha para el censo"},"content":{"rendered":"<p style=\"text-align: justify;\">Tras el anuncio de que la Gobernaci\u00f3n de Santa Cruz no invitar\u00e1 a las autoridades nacionales a los actos por los 212 a\u00f1os de gesta libertaria del departamento, los \u00e1nimos se caldearon a\u00fan m\u00e1s.<\/p>\n<p style=\"text-align: justify;\">En la reuni\u00f3n interinstitucional por el censo del pasado lunes, el gobernador cruce\u00f1o, Luis Fernando Camacho, declar\u00f3 que ha decidido no invitar al aniversario a los representantes del nivel central del Estado.<\/p>\n<p style=\"text-align: justify;\">Entre otras cosas, record\u00f3 que en la primera oportunidad de invitar al oficialismo para demostrar esp\u00edritu democr\u00e1tico, la respuesta fue violencia, traducida en juicios a R\u00f3mulo Calvo, a senadores, diputados, e incluso a \u00e9l tambi\u00e9n.<\/p>\n<p style=\"text-align: justify;\">A las aseveraciones de Camacho respondieron varias autoridades del Movimiento al Socialismo (MAS). Uno de los primeros fue el diputado Rolando Cu\u00e9llar, que lo tild\u00f3 de \u201ctirano dictador\u201d, ya que con su decisi\u00f3n est\u00e1 ahogando la econom\u00eda del pueblo cruce\u00f1o y con \u201csu ignorancia mental demuestra ser un in\u00fatil\u201d, aludi\u00f3.<\/p>\n<p style=\"text-align: justify;\">La diputada Zulay Mamani, tambi\u00e9n del MAS, lament\u00f3 que Camacho, en vez de pensar en el aniversario cruce\u00f1o, el gobernador est\u00e9 politizando, dividiendo y discriminando.<\/p>\n<p style=\"text-align: justify;\">Para Patricio Mendoza, otro diputado del MAS, Camacho tiene miedo a la presencia del presidente Luis Arce Catacora, que \u201cs\u00ed tiene obras y proyectos para entregar a Santa Cruz, mientras que el gobernador solo tendr\u00e1 su acto c\u00edvico\u201d.<\/p>\n<p style=\"text-align: justify;\">Seg\u00fan Mendoza, hasta ahora la autoridad departamental no puede ejecutar su presupuesto. Asegur\u00f3 que solo tiene un 9% de ejecuci\u00f3n, ya que probablemente \u201cesa plata se la gasta en paros y bloqueos\u201d. Asimismo, llam\u00f3 a la Asamblea Legislativa Departamental a fiscalizarlo, \u201cpero hasta ahora no dice nada\u201d, asever\u00f3.<\/p>\n<p style=\"text-align: justify;\">En la misma l\u00ednea, el concejal del MAS Jos\u00e9 Quiroz dijo que no toman en cuenta al gobernador porque en Santa Cruz no hay obras. \u201cNo es due\u00f1o de Santa Cruz, es el gobernador m\u00e1s flojo de Bolivia. No ha hecho ninguna obra y siempre ha sido racista y golpista, desde su abuelo y su padre, igual que \u00e9l en 2019\u201d, arremeti\u00f3.<\/p>\n<p style=\"text-align: justify;\">Silencio<\/p>\n<p style=\"text-align: justify;\">Ante las declaraciones de Luis Fernando Camacho, EL DEBER indag\u00f3 si el presidente Arce y otras autoridades nacionales participar\u00edan en las fiestas departamentales, pero hasta el cierre de la edici\u00f3n no hubo respuesta del vocero presidencial, Jorge Richter.<\/p>\n<p style=\"text-align: justify;\">En la Fexpo tampoco contestaron sobre si se extender\u00e1n o no las invitaciones a las autoridades nacionales para que participen en la agenda del mayor evento ferial del departamento. Se busc\u00f3 la versi\u00f3n del presidente de la Feria Exposici\u00f3n, \u00d3scar Mario Justiniano, y de su equipo de comunicaci\u00f3n.<\/p>\n<p style=\"text-align: justify;\">Sin embargo, el concejal Quiroz indic\u00f3 que hay varios eventos donde las autoridades nacionales son bienvenidas.<\/p>\n<p style=\"text-align: justify;\">Dijo que como presidente de los residentes cochabambinos en Santa Cruz, lo primero que har\u00e1 es convidar al presidente Arce, \u201cal hermano Evo (Morales) y a todos los diputados a la fiesta de Cochabamba\u201d, que se celebra cada 14 de septiembre.<\/p>\n<p style=\"text-align: justify;\">\u201cSomos medio mill\u00f3n aqu\u00ed, vamos a festejar en el camb\u00f3dromo, pero nosotros s\u00ed vamos a invitar a todas las autoridades, no somos de mala sangre, a todas las autoridades, sean de derecha o de izquierda\u201d, asever\u00f3 el concejal.<\/p>\n<p style=\"text-align: justify;\">Quiroz, adem\u00e1s, asegur\u00f3 que se recibir\u00e1 al presidente en la zona sur, el Plan 3.000, en actos grandes de los transportistas y comerciantes. Otro evento que mencion\u00f3 fue el acto protocolar del Concejo Municipal, que se realiza el 22 de septiembre en la Quinta Municipal.<br \/>\n\u201cVamos a pedir tambi\u00e9n que el primer mandatario est\u00e9 presente en la sesi\u00f3n de honor del Concejo, vamos a invitarlo como concejales\u201d, adelant\u00f3 Quiroz.<\/p>\n<p style=\"text-align: justify;\">Desde la oficina de protocolo del Concejo Municipal informaron que entre hoy y ma\u00f1ana, como m\u00e1ximo, en sesi\u00f3n deber\u00edan definirse detalles del acto. Sin embargo, explicaron que por un tema de protocolo, siempre se extienden invitaciones a las autoridades del nivel central de Gobierno.<\/p>\n<p style=\"text-align: justify;\">Quiroz aludi\u00f3 a la Feria Exposici\u00f3n, que a\u00fan no aclara si Arce estar\u00e1 o no convidado a ser parte de la agenda ferial por el mes de Santa Cruz. Dijo que si no invitan al presidente del Estado, ser\u00eda discriminaci\u00f3n, y los militantes del MAS no pisar\u00e1n los predios.<\/p>\n<p style=\"text-align: justify;\">En caso de no contemplar a Arce, advirti\u00f3 con crear una Fexpocruz paralela. \u201cEn el futuro ver\u00edamos con nuestros microempresarios de hacer una Fexpo del pueblo, no de las logias\u201d, atac\u00f3.<\/p>\n<p style=\"text-align: justify;\">Error o acierto<\/p>\n<p style=\"text-align: justify;\">Sobre las declaraciones de Camacho, el analista Pa\u00fal Antonio Coca no tiene duda alguna de que esta determinaci\u00f3n es propia del momento de tensi\u00f3n que hay entre el departamento y el nivel central del Estado.<\/p>\n<p style=\"text-align: justify;\">Seg\u00fan Coca, las diferencias se ir\u00e1n agravando con el transcurso de los d\u00edas, en parte, porque este viernes 2 de septiembre se reunir\u00e1 el Comit\u00e9 Interinstitucional del Censo que rayar\u00e1 la cancha de la postura departamental, ante la insistencia nacional de censar en 2024.<\/p>\n<p style=\"text-align: justify;\">Para Coca, la negativa del gobernador Camacho surge de un acto anterior en el que ya hubo problemas, fue el caso de la whipala, que deriv\u00f3 en denuncias por racismo y discriminaci\u00f3n.<\/p>\n<p style=\"text-align: justify;\">Cree que, aunque para muchos puede ser desacertado que el gobernador no invite a las autoridades nacionales, lo que hace es ahorrarse un mal momento y un hecho que se pueda generar, como por ejemplo, si el acto se hace en la plaza principal, \u201cque los masistas traten de izar la whipala\u201d.<\/p>\n<p style=\"text-align: justify;\">De acuerdo al analista, el nivel central, tanto con Evo Morales como con Arce, siempre se busca cualquier excusa para tachar a Santa Cruz como racista o discriminador. \u201cEs parad\u00f3jico porque es el lugar m\u00e1s poblado del pa\u00eds, la peque\u00f1a Bolivia\u201d, dijo.<\/p>\n<p style=\"text-align: justify;\">Agreg\u00f3 que el tema de racismo y discriminaci\u00f3n, sobre todo en esta \u00e9poca, va de la mano con el de golpismo. \u201cEso no cambiar\u00e1, es parte de una lucha, de que el poder econ\u00f3mico del pa\u00eds quiere convertirse en el poder pol\u00edtico, y sabemos que no es f\u00e1cil lograr eso. Por supuesto, el centralismo est\u00e1 en ese nivel de resistencia, de impedir que Santa Cruz, que ya es el motor econ\u00f3mico, sea el motor pol\u00edtico de Bolivia\u201d, asever\u00f3.<\/p>\n<p style=\"text-align: justify;\">La diputada de Creemos Khaline Moreno opin\u00f3 que el gobernador tiene la potestad de decidir a qu\u00e9 autoridad invita o no a los actos protocolares del 24 de septiembre. Seg\u00fan ella, la regi\u00f3n ha sido la m\u00e1s golpeada por el MAS y por las instituciones serviles al partido de Gobierno.<\/p>\n<p style=\"text-align: justify;\">\u201cHan encarcelado injustamente a nuestros j\u00f3venes y, por \u00faltimo, nos han negado el derecho a mejorar nuestra calidad de vida, negando la realizaci\u00f3n de un censo transparente y oportuno en 2023. Est\u00e1 claro que el MAS no respeta a Santa Cruz, por eso ninguna de sus autoridades deber\u00eda ser invitada\u201d, aludi\u00f3.<\/p>\n<p style=\"text-align: justify;\">El analista Rolando Schrupp calific\u00f3 a Camacho como el \u201ccaballo de Troya\u201d que necesita el MAS para cansar y desmovilizar a Santa Cruz. Su lectura es que las medidas de presi\u00f3n desgastan a la poblaci\u00f3n cruce\u00f1a y que no ser\u00e1n acatadas cuando sean necesarias.<br \/>\nCree que, en su \u201cinfantilismo pol\u00edtico\u201d, el gobernador arrastra a la conflictividad a la poblaci\u00f3n.<\/p>\n<p style=\"text-align: justify;\">M\u00e1s presi\u00f3n<\/p>\n<p style=\"text-align: justify;\">Ayer, el Ministerio P\u00fablico notific\u00f3 al gobernador Luis Fernando Camacho dentro del proceso seguido por el diputado masista Rolando Cu\u00e9llar, por la presunta compra irregular de un carro bombero para la Polic\u00eda.<\/p>\n<p style=\"text-align: justify;\">C\u00e9sar Rodr\u00edguez, asesor legal de Cu\u00e9llar, dijo que la declaraci\u00f3n est\u00e1 programada para hoy, a las 14:00 horas; insisti\u00f3 en que la compra se realiz\u00f3 fuera del marco legal, citando incumplimiento de deberes y malversaci\u00f3n de fondos.<\/p>\n<p style=\"text-align: justify;\">Mart\u00edn Camacho, abogado defensor del gobernador, asegur\u00f3 que se desvirtuar\u00e1 la acusaci\u00f3n de forma t\u00e9cnica, presentando toda la documentaci\u00f3n necesaria referente a la legalidad del proceso de adjudicaci\u00f3n. Aludi\u00f3 a Cu\u00e9llar, \u201cacostumbrado al show pol\u00edtico para levantar su deca\u00edda imagen\u201d.<\/p>\n<p style=\"text-align: justify;\">Otro conflicto sucede afuera de la Gobernaci\u00f3n, donde se ha instalado una protesta de m\u00e9dicos que exigen m\u00e1s de 200 \u00edtems convocados por el Servicio Departamental de Salud (Sedes) cruce\u00f1o. \u201cVamos un a\u00f1o y ocho meses esperando\u201d, dijo Stefani Blanco, una de las afectadas.<\/p>\n","protected":false},"excerpt":{"rendered":"<p>Tras el anuncio de que la Gobernaci\u00f3n de Santa Cruz no invitar\u00e1 a las autoridades nacionales a los actos por los 212 a\u00f1os de gesta libertaria del departamento, los \u00e1nimos se caldearon a\u00fan m\u00e1s. En la reuni\u00f3n interinstitucional por el censo del pasado lunes, el gobernador cruce\u00f1o, Luis Fernando Camacho, declar\u00f3 que ha decidido no [&hellip;]<\/p>\n","protected":false},"author":4,"featured_media":32329,"comment_status":"open","ping_status":"open","sticky":false,"template":"","format":"standard","meta":{"footnotes":""},"categories":[20,47,48],"tags":[],"class_list":{"0":"post-32328","1":"post","2":"type-post","3":"status-publish","4":"format-standard","5":"has-post-thumbnail","7":"category-actualidad","8":"category-portada-actualidad","9":"category-portada-general-sitio"},"_links":{"self":[{"href":"https:\/\/jms.com.bo\/mediamonitor\/wp-json\/wp\/v2\/posts\/32328","targetHints":{"allow":["GET"]}}],"collection":[{"href":"https:\/\/jms.com.bo\/mediamonitor\/wp-json\/wp\/v2\/posts"}],"about":[{"href":"https:\/\/jms.com.bo\/mediamonitor\/wp-json\/wp\/v2\/types\/post"}],"author":[{"embeddable":true,"href":"https:\/\/jms.com.bo\/mediamonitor\/wp-json\/wp\/v2\/users\/4"}],"replies":[{"embeddable":true,"href":"https:\/\/jms.com.bo\/mediamonitor\/wp-json\/wp\/v2\/comments?post=32328"}],"version-history":[{"count":0,"href":"https:\/\/jms.com.bo\/mediamonitor\/wp-json\/wp\/v2\/posts\/32328\/revisions"}],"wp:featuredmedia":[{"embeddable":true,"href":"https:\/\/jms.com.bo\/mediamonitor\/wp-json\/wp\/v2\/media\/32329"}],"wp:attachment":[{"href":"https:\/\/jms.com.bo\/mediamonitor\/wp-json\/wp\/v2\/media?parent=32328"}],"wp:term":[{"taxonomy":"category","embeddable":true,"href":"https:\/\/jms.com.bo\/mediamonitor\/wp-json\/wp\/v2\/categories?post=32328"},{"taxonomy":"post_tag","embeddable":true,"href":"https:\/\/jms.com.bo\/mediamonitor\/wp-json\/wp\/v2\/tags?post=32328"}],"curies":[{"name":"wp","href":"https:\/\/api.w.org\/{rel}","templated":true}]}}