{"id":32330,"date":"2022-08-31T06:41:32","date_gmt":"2022-08-31T10:41:32","guid":{"rendered":"https:\/\/jms.com.bo\/mediamonitor\/2022\/08\/31\/critican-a-camacho-por-no-invitar-al-gobierno-a-festejos\/"},"modified":"2022-08-31T06:41:32","modified_gmt":"2022-08-31T10:41:32","slug":"critican-a-camacho-por-no-invitar-al-gobierno-a-festejos","status":"publish","type":"post","link":"https:\/\/jms.com.bo\/mediamonitor\/2022\/08\/31\/critican-a-camacho-por-no-invitar-al-gobierno-a-festejos\/","title":{"rendered":"Critican a Camacho por no invitar al Gobierno a festejos"},"content":{"rendered":"<p style=\"text-align: justify;\">El gobernador de Santa Cruz, Luis Fernando Camacho, fue blanco de cr\u00edticas ayer del Gobierno y el MAS por la decisi\u00f3n de no invitar a autoridades nacionales para los festejos departamentales del 24 de septiembre. El ministro de Obras P\u00fablicas, \u00c9dgar Monta\u00f1o, se\u00f1al\u00f3 que el presidente Luis Arce \u201cno necesita invitaci\u00f3n\u201d para ir a esa regi\u00f3n.<\/p>\n<p style=\"text-align: justify;\">\u201c\u00bfQui\u00e9n es \u00e9l (Camacho) para prohibir al Presidente (Luis Arce ir al aniversario cruce\u00f1o)? Con \u00e9l o sin \u00e9l podemos hacer cualquier actividad, porque la poblaci\u00f3n de Santa Cruz, de las provincias y los municipios lo est\u00e1n esperando. Camacho no puede prohibir, no es due\u00f1o, no se ha comprado Santa Cruz\u201d, se\u00f1al\u00f3 la ministra de Culturas, Sabina Orellana. El lunes por la noche y durante la reuni\u00f3n del Comit\u00e9 Interinstitucional por el Censo en Santa Cruz Camacho anunci\u00f3 que no invitar\u00e1 a ninguna autoridad nacional para las celebraciones del 24 de septiembre como protesta ante la negativa del Gobierno de llevar adelante el censo en 2023.<\/p>\n<p style=\"text-align: justify;\">El ministro Monta\u00f1o adelant\u00f3 que Arce ir\u00e1 igual a Santa Cruz. \u201cArce no necesita invitaci\u00f3n para venir a mi regi\u00f3n (\u00e9l es de Santa Cruz) y menos del Comit\u00e9 Pro Santa Cruz y sus cinco amigos. El presidente Arce estar\u00e1 y vamos a entregar dos puentes en septiembre\u201d, anticip\u00f3.<\/p>\n<p style=\"text-align: justify;\">El diputado del Movimiento Al Socialismo (MAS) por Santa Cruz \u00c1ngelo C\u00e9spedes arremeti\u00f3 en contra del gobernador y le pidi\u00f3 su renuncia. \u201cUsted (Camacho) es electo y le recuerdo que Luis Arce y David Choquehuanca fueron electos presidente y vicepresidente. Si usted no tiene la capacidad necesaria para llevar adelante las riendas del departamento, le pido que d\u00e9 un paso al costado. Nuevamente le repito, si no tiene la capacidad, renuncie\u201d.<\/p>\n<p style=\"text-align: justify;\">El gobernador se refiri\u00f3 ayer de forma indirecta a los incidentes de 2021, cuando durante las celebraciones cruce\u00f1as el vicepresidente David Choquehuanca iz\u00f3 la wiphala en la plaza 24 de Septiembre, algo que fue criticado en ese departamento, luego el mismo Camacho orden\u00f3 bajar ese s\u00edmbolo.<\/p>\n","protected":false},"excerpt":{"rendered":"<p>El gobernador de Santa Cruz, Luis Fernando Camacho, fue blanco de cr\u00edticas ayer del Gobierno y el MAS por la decisi\u00f3n de no invitar a autoridades nacionales para los festejos departamentales del 24 de septiembre. El ministro de Obras P\u00fablicas, \u00c9dgar Monta\u00f1o, se\u00f1al\u00f3 que el presidente Luis Arce \u201cno necesita invitaci\u00f3n\u201d para ir a esa [&hellip;]<\/p>\n","protected":false},"author":4,"featured_media":32331,"comment_status":"open","ping_status":"open","sticky":false,"template":"","format":"standard","meta":{"footnotes":""},"categories":[18],"tags":[],"class_list":{"0":"post-32330","1":"post","2":"type-post","3":"status-publish","4":"format-standard","5":"has-post-thumbnail","7":"category-politica"},"_links":{"self":[{"href":"https:\/\/jms.com.bo\/mediamonitor\/wp-json\/wp\/v2\/posts\/32330","targetHints":{"allow":["GET"]}}],"collection":[{"href":"https:\/\/jms.com.bo\/mediamonitor\/wp-json\/wp\/v2\/posts"}],"about":[{"href":"https:\/\/jms.com.bo\/mediamonitor\/wp-json\/wp\/v2\/types\/post"}],"author":[{"embeddable":true,"href":"https:\/\/jms.com.bo\/mediamonitor\/wp-json\/wp\/v2\/users\/4"}],"replies":[{"embeddable":true,"href":"https:\/\/jms.com.bo\/mediamonitor\/wp-json\/wp\/v2\/comments?post=32330"}],"version-history":[{"count":0,"href":"https:\/\/jms.com.bo\/mediamonitor\/wp-json\/wp\/v2\/posts\/32330\/revisions"}],"wp:featuredmedia":[{"embeddable":true,"href":"https:\/\/jms.com.bo\/mediamonitor\/wp-json\/wp\/v2\/media\/32331"}],"wp:attachment":[{"href":"https:\/\/jms.com.bo\/mediamonitor\/wp-json\/wp\/v2\/media?parent=32330"}],"wp:term":[{"taxonomy":"category","embeddable":true,"href":"https:\/\/jms.com.bo\/mediamonitor\/wp-json\/wp\/v2\/categories?post=32330"},{"taxonomy":"post_tag","embeddable":true,"href":"https:\/\/jms.com.bo\/mediamonitor\/wp-json\/wp\/v2\/tags?post=32330"}],"curies":[{"name":"wp","href":"https:\/\/api.w.org\/{rel}","templated":true}]}}