{"id":3268,"date":"2021-02-26T03:56:19","date_gmt":"2021-02-26T07:56:19","guid":{"rendered":"http:\/\/jms.com.bo\/mediamonitor\/?p=3268"},"modified":"2021-02-26T03:56:19","modified_gmt":"2021-02-26T07:56:19","slug":"fuerte-ola-de-calor-en-santa-cruz-aumenta-demanda-de-energia-que-llego-hasta-los-664-megavatios","status":"publish","type":"post","link":"https:\/\/jms.com.bo\/mediamonitor\/2021\/02\/26\/fuerte-ola-de-calor-en-santa-cruz-aumenta-demanda-de-energia-que-llego-hasta-los-664-megavatios\/","title":{"rendered":"Fuerte ola de calor en Santa Cruz aumenta demanda de energ\u00eda, que lleg\u00f3 hasta los 664 megavatios"},"content":{"rendered":"<p style=\"text-align: justify;\">Las altas temperaturas en Santa Cruz de la Sierra con temperaturas que van entre los 35 y 37 grados cent\u00edgrados (C\u00b0) han provocado una mayor demanda de energ\u00eda el\u00e9ctrica. Ayer, con 36 grados se alcanzaron los 664 megavatios (MW), aunque la m\u00e1xima hist\u00f3rica est\u00e1 en 697 MW, seg\u00fan la Cooperativa Rural de Electrificaci\u00f3n (CRE).<\/p>\n<p style=\"text-align: justify;\">Durante el transcurso de la presente y siguiente semana se mantendr\u00e1 la ola de calor, seg\u00fan los pron\u00f3sticos de la Gobernaci\u00f3n de Santa Cruz. El bolet\u00edn agrometeorol\u00f3gico, seg\u00fan Luis Alpire, secretario de Desarrollo Productivo, muestra que para hoy jueves 25 se prev\u00e9 precipitaciones que se ir\u00e1n intensificando el resto de la semana.<\/p>\n<p style=\"text-align: justify;\">Las temperaturas a registrar ser\u00e1n m\u00ednimas de 16\u00baC y m\u00e1ximas de 27\u00baC para la zona de los valles cruce\u00f1os, m\u00ednimas de 23\u00baC y m\u00e1ximas de 34\u00baC de la Chiquitania, mientras que en el resto de las provincias se tendr\u00e1n m\u00ednimas de 23\u00b0C y m\u00e1ximas de 33\u00b0C, definiendo un clima caluroso en general y h\u00famedo al finalizar la semana.<\/p>\n<p style=\"text-align: justify;\">Nelson Alborta, gerente de operaciones de la CRE, inform\u00f3 que, de seguir subiendo la temperatura ambiente, se dar\u00e1n picos de consumo que podr\u00edan superar el r\u00e9cord de 697 MW registrado hace dos a\u00f1os.<\/p>\n<p style=\"text-align: justify;\">Asimismo, desde la entidad indicaron que el uso de aparatos el\u00e9ctricos influye en el aumento del consumo de energ\u00eda, en especial los acondicionadores de aire, por lo que instan a la ciudadan\u00eda a hacer un uso responsable de los mismos.<\/p>\n<p style=\"text-align: justify;\">Los usuarios est\u00e1n acostumbrados a programar los aires acondicionados en 18 grados y es una temperatura en la que el motor est\u00e1 siempre funcionando, pero si se lo programa a 24 grados es agradable, el ambiente est\u00e1 fresco y el motor deja de funcionar, seg\u00fan recomendaron desde CRE.<\/p>\n","protected":false},"excerpt":{"rendered":"<p>Las altas temperaturas en Santa Cruz de la Sierra con temperaturas que van entre los 35 y 37 grados cent\u00edgrados (C\u00b0) han provocado una mayor demanda de energ\u00eda el\u00e9ctrica. Ayer, con 36 grados se alcanzaron los 664 megavatios (MW), aunque la m\u00e1xima hist\u00f3rica est\u00e1 en 697 MW, seg\u00fan la Cooperativa Rural de Electrificaci\u00f3n (CRE). Durante [&hellip;]<\/p>\n","protected":false},"author":4,"featured_media":3269,"comment_status":"open","ping_status":"open","sticky":false,"template":"","format":"standard","meta":{"footnotes":""},"categories":[39],"tags":[],"class_list":{"0":"post-3268","1":"post","2":"type-post","3":"status-publish","4":"format-standard","5":"has-post-thumbnail","7":"category-energia"},"_links":{"self":[{"href":"https:\/\/jms.com.bo\/mediamonitor\/wp-json\/wp\/v2\/posts\/3268","targetHints":{"allow":["GET"]}}],"collection":[{"href":"https:\/\/jms.com.bo\/mediamonitor\/wp-json\/wp\/v2\/posts"}],"about":[{"href":"https:\/\/jms.com.bo\/mediamonitor\/wp-json\/wp\/v2\/types\/post"}],"author":[{"embeddable":true,"href":"https:\/\/jms.com.bo\/mediamonitor\/wp-json\/wp\/v2\/users\/4"}],"replies":[{"embeddable":true,"href":"https:\/\/jms.com.bo\/mediamonitor\/wp-json\/wp\/v2\/comments?post=3268"}],"version-history":[{"count":1,"href":"https:\/\/jms.com.bo\/mediamonitor\/wp-json\/wp\/v2\/posts\/3268\/revisions"}],"predecessor-version":[{"id":3270,"href":"https:\/\/jms.com.bo\/mediamonitor\/wp-json\/wp\/v2\/posts\/3268\/revisions\/3270"}],"wp:featuredmedia":[{"embeddable":true,"href":"https:\/\/jms.com.bo\/mediamonitor\/wp-json\/wp\/v2\/media\/3269"}],"wp:attachment":[{"href":"https:\/\/jms.com.bo\/mediamonitor\/wp-json\/wp\/v2\/media?parent=3268"}],"wp:term":[{"taxonomy":"category","embeddable":true,"href":"https:\/\/jms.com.bo\/mediamonitor\/wp-json\/wp\/v2\/categories?post=3268"},{"taxonomy":"post_tag","embeddable":true,"href":"https:\/\/jms.com.bo\/mediamonitor\/wp-json\/wp\/v2\/tags?post=3268"}],"curies":[{"name":"wp","href":"https:\/\/api.w.org\/{rel}","templated":true}]}}