{"id":3271,"date":"2021-02-26T03:58:31","date_gmt":"2021-02-26T07:58:31","guid":{"rendered":"http:\/\/jms.com.bo\/mediamonitor\/?p=3271"},"modified":"2021-02-26T03:58:31","modified_gmt":"2021-02-26T07:58:31","slug":"convenio-tripartito-busca-integrar-energias-alternativas-en-el-sistema-interconectado","status":"publish","type":"post","link":"https:\/\/jms.com.bo\/mediamonitor\/2021\/02\/26\/convenio-tripartito-busca-integrar-energias-alternativas-en-el-sistema-interconectado\/","title":{"rendered":"Convenio tripartito busca integrar energ\u00edas alternativas en el Sistema Interconectado"},"content":{"rendered":"<p>Con el objetivo de lograr la integraci\u00f3n de energ\u00edas alternativas en el Sistema Interconectado Nacional boliviano, a trav\u00e9s de una donaci\u00f3n de 700 000 euros, se firm\u00f3 en Cochabamba un convenio tripartito de alianza tecnol\u00f3gica entre el Comit\u00e9 Nacional de Despacho de Carga (CNDC), el operador franc\u00e9s de gesti\u00f3n de la red el\u00e9ctrica RTE Internacional (RTEi) y la Agencia Francesa de Desarrollo (AFD).<\/p>\n<p>\u201cEsta subvenci\u00f3n se enmarca en el apoyo presupuestario de 90 millones de euros de la AFD dedicado a la promoci\u00f3n de energ\u00edas renovables, al apoyo a la eficiencia energ\u00e9tica y al fortalecimiento institucional del sector el\u00e9ctrico\u201d, se lee en el comunicado del convenio.<\/p>\n<p>Adem\u00e1s, este acuerdo complementa un cr\u00e9dito de 66 millones de euros para dos parques e\u00f3licos en Santa Cruz (Warnes II) y Tarija (La Ventolera), y otro cr\u00e9dito de 60 millones de euros que permiti\u00f3 la construcci\u00f3n de la planta solar de Oruro, junto a una subvenci\u00f3n de la Uni\u00f3n Europea por 11,5 millones de euros.<\/p>\n<p>La directora de la AFD en Bolivia, Alexia Levesque, hizo \u00e9nfasis en que el acuerdo contribuir\u00e1 a hacer frente a desaf\u00edos tecnol\u00f3gicos a favor del cambio de la matriz energ\u00e9tica para beneficiar al pueblo boliviano.<\/p>\n<p>Este convenio se firm\u00f3 bajo el instrumento de cooperaci\u00f3n Fondo de Experticia T\u00e9cnica e Intercambio de Experiencias (Fexte), el cual corresponde a un instrumento de financiaci\u00f3n de la AFD para promover alianzas tecnol\u00f3gicas entre operadores franceses y de pa\u00edses socios sobre saber-hacer espec\u00edficos.<\/p>\n<p>Asimismo, esta subvenci\u00f3n financiar\u00e1 estudios, asesoramiento t\u00e9cnico e intercambios de experiencia entre otros.<\/p>\n<p>En la ceremonia de firma del convenio participaron el Viceministro de Electricidad y Energ\u00edas Alternativas, Jos\u00e9 Mar\u00eda Romay, el presidente del CNDC, Filiberto Soto; el vicepresidente de ENDE Corporaci\u00f3n, Daniel Rocabado; el director general de RTEi, Nicol\u00e1s Br\u00e9ham, y la directora de la AFD en Bolivia, Alexia Levesque.<\/p>\n","protected":false},"excerpt":{"rendered":"<p>Con el objetivo de lograr la integraci\u00f3n de energ\u00edas alternativas en el Sistema Interconectado Nacional boliviano, a trav\u00e9s de una donaci\u00f3n de 700 000 euros, se firm\u00f3 en Cochabamba un convenio tripartito de alianza tecnol\u00f3gica entre el Comit\u00e9 Nacional de Despacho de Carga (CNDC), el operador franc\u00e9s de gesti\u00f3n de la red el\u00e9ctrica RTE Internacional [&hellip;]<\/p>\n","protected":false},"author":4,"featured_media":3272,"comment_status":"open","ping_status":"open","sticky":false,"template":"","format":"standard","meta":{"footnotes":""},"categories":[39,44,48],"tags":[],"class_list":{"0":"post-3271","1":"post","2":"type-post","3":"status-publish","4":"format-standard","5":"has-post-thumbnail","7":"category-energia","8":"category-portada-energia","9":"category-portada-general-sitio"},"_links":{"self":[{"href":"https:\/\/jms.com.bo\/mediamonitor\/wp-json\/wp\/v2\/posts\/3271","targetHints":{"allow":["GET"]}}],"collection":[{"href":"https:\/\/jms.com.bo\/mediamonitor\/wp-json\/wp\/v2\/posts"}],"about":[{"href":"https:\/\/jms.com.bo\/mediamonitor\/wp-json\/wp\/v2\/types\/post"}],"author":[{"embeddable":true,"href":"https:\/\/jms.com.bo\/mediamonitor\/wp-json\/wp\/v2\/users\/4"}],"replies":[{"embeddable":true,"href":"https:\/\/jms.com.bo\/mediamonitor\/wp-json\/wp\/v2\/comments?post=3271"}],"version-history":[{"count":1,"href":"https:\/\/jms.com.bo\/mediamonitor\/wp-json\/wp\/v2\/posts\/3271\/revisions"}],"predecessor-version":[{"id":3273,"href":"https:\/\/jms.com.bo\/mediamonitor\/wp-json\/wp\/v2\/posts\/3271\/revisions\/3273"}],"wp:featuredmedia":[{"embeddable":true,"href":"https:\/\/jms.com.bo\/mediamonitor\/wp-json\/wp\/v2\/media\/3272"}],"wp:attachment":[{"href":"https:\/\/jms.com.bo\/mediamonitor\/wp-json\/wp\/v2\/media?parent=3271"}],"wp:term":[{"taxonomy":"category","embeddable":true,"href":"https:\/\/jms.com.bo\/mediamonitor\/wp-json\/wp\/v2\/categories?post=3271"},{"taxonomy":"post_tag","embeddable":true,"href":"https:\/\/jms.com.bo\/mediamonitor\/wp-json\/wp\/v2\/tags?post=3271"}],"curies":[{"name":"wp","href":"https:\/\/api.w.org\/{rel}","templated":true}]}}