{"id":3289,"date":"2021-03-01T02:52:51","date_gmt":"2021-03-01T06:52:51","guid":{"rendered":"http:\/\/jms.com.bo\/mediamonitor\/?p=3289"},"modified":"2021-03-01T03:26:56","modified_gmt":"2021-03-01T07:26:56","slug":"sector-salud-amplia-paro-contra-ley-de-emergencia-sanitaria-por-15-dias-mas","status":"publish","type":"post","link":"https:\/\/jms.com.bo\/mediamonitor\/2021\/03\/01\/sector-salud-amplia-paro-contra-ley-de-emergencia-sanitaria-por-15-dias-mas\/","title":{"rendered":"Sector salud ampl\u00eda paro contra Ley de Emergencia Sanitaria por 15 d\u00edas m\u00e1s"},"content":{"rendered":"<p style=\"text-align: justify;\">El presidente del Colegio M\u00e9dico de Bolivia, Cleto C\u00e1ceres, inform\u00f3 este domingo en conferencia de prensa que el Comit\u00e9 Nacional de Salud (Conasa) resolvi\u00f3 continuar con el paro del sector salud por 15 d\u00edas m\u00e1s en rechazo a la Ley de Emergencia Sanitaria.<\/p>\n<p style=\"text-align: justify;\">El sector salud se reuni\u00f3 hoy en Santa Cruz. Participaron los colegiados de los nueve departamentos, odont\u00f3logos, fisioterapeutas, enfermeras, profesionales de trabajo social, bioqu\u00edmicos farmac\u00e9uticos y nutricionistas. Adem\u00e1s de Fesirmes, Fesimras, la Caja Petrolera y la Asociaci\u00f3n Nacional de Cl\u00ednicas Privadas.<\/p>\n<p style=\"text-align: justify;\">C\u00e1ceres explic\u00f3 que \u201chasta la fecha (el Gobierno) no ha respondido a una sola de las cartas que se han remitido por el Conasa debidamente respaldadas pidiendo el di\u00e1logo\u201d. Indic\u00f3 que se enviaron las solicitudes el 4, 7 y 12 de febrero.<\/p>\n<p style=\"text-align: justify;\">\u201cEn vista a este silencio soberbio del Gobierno es que el Conasa resuelve la continuidad del paro general por 15 d\u00edas m\u00e1s hasta lograr que se abrogue la ley 1159 de Emergencia Sanitaria respetando la normativa electoral\u201d, indic\u00f3.<\/p>\n<p style=\"text-align: justify;\">Asimismo, se establecieron tres puntos, acot\u00f3:<\/p>\n<ul style=\"text-align: justify;\">\n<li>Rechazar y repudiar en\u00e9rgicamente cualquier agresi\u00f3n a los colegios de profesional a nivel nacional y departamental.<\/li>\n<li>Apoyar y reforzar el plan de vacunaci\u00f3n masiva hasta agotar las vacunas ofrecidas por el gobierno poni\u00e9ndose a disposici\u00f3n en su sector privado con su infraestructura y organizaci\u00f3n de salud para que a trav\u00e9s de la firma de convenios se pueda tambi\u00e9n realizar la vacunaci\u00f3n masiva en estos establecimientos<\/li>\n<li>Reforzar los servicios de emergencia y atenci\u00f3n Covid-19 en todo el sistema nacional.<\/li>\n<\/ul>\n<p style=\"text-align: justify;\">\u201cLlegamos a estas medidas responsabilizando totalmente al Gobierno nacional\u201d, dijo.<\/p>\n<p style=\"text-align: justify;\">El Conasa tambi\u00e9n convoc\u00f3 a una marcha masiva a nivel nacional de todo el sistema de salud a realizarse el martes 2 de marzo a las 11:00.<\/p>\n<p style=\"text-align: justify;\">El Consejo Nacional de Salud determin\u00f3 declarar paro general de actividades en primera instancia por 10 d\u00edas desde el 18 de febrero hasta el 28 de febrero, exigiendo la abrogaci\u00f3n de la Ley de Emergencia Sanitaria.<\/p>\n","protected":false},"excerpt":{"rendered":"<p>El presidente del Colegio M\u00e9dico de Bolivia, Cleto C\u00e1ceres, inform\u00f3 este domingo en conferencia de prensa que el Comit\u00e9 Nacional de Salud (Conasa) resolvi\u00f3 continuar con el paro del sector salud por 15 d\u00edas m\u00e1s en rechazo a la Ley de Emergencia Sanitaria. El sector salud se reuni\u00f3 hoy en Santa Cruz. Participaron los colegiados [&hellip;]<\/p>\n","protected":false},"author":1,"featured_media":3290,"comment_status":"open","ping_status":"open","sticky":false,"template":"","format":"standard","meta":{"footnotes":""},"categories":[48,50,49],"tags":[],"class_list":{"0":"post-3289","1":"post","2":"type-post","3":"status-publish","4":"format-standard","5":"has-post-thumbnail","7":"category-portada-general-sitio","8":"category-portada-social-shell","9":"category-social"},"_links":{"self":[{"href":"https:\/\/jms.com.bo\/mediamonitor\/wp-json\/wp\/v2\/posts\/3289","targetHints":{"allow":["GET"]}}],"collection":[{"href":"https:\/\/jms.com.bo\/mediamonitor\/wp-json\/wp\/v2\/posts"}],"about":[{"href":"https:\/\/jms.com.bo\/mediamonitor\/wp-json\/wp\/v2\/types\/post"}],"author":[{"embeddable":true,"href":"https:\/\/jms.com.bo\/mediamonitor\/wp-json\/wp\/v2\/users\/1"}],"replies":[{"embeddable":true,"href":"https:\/\/jms.com.bo\/mediamonitor\/wp-json\/wp\/v2\/comments?post=3289"}],"version-history":[{"count":1,"href":"https:\/\/jms.com.bo\/mediamonitor\/wp-json\/wp\/v2\/posts\/3289\/revisions"}],"predecessor-version":[{"id":3291,"href":"https:\/\/jms.com.bo\/mediamonitor\/wp-json\/wp\/v2\/posts\/3289\/revisions\/3291"}],"wp:featuredmedia":[{"embeddable":true,"href":"https:\/\/jms.com.bo\/mediamonitor\/wp-json\/wp\/v2\/media\/3290"}],"wp:attachment":[{"href":"https:\/\/jms.com.bo\/mediamonitor\/wp-json\/wp\/v2\/media?parent=3289"}],"wp:term":[{"taxonomy":"category","embeddable":true,"href":"https:\/\/jms.com.bo\/mediamonitor\/wp-json\/wp\/v2\/categories?post=3289"},{"taxonomy":"post_tag","embeddable":true,"href":"https:\/\/jms.com.bo\/mediamonitor\/wp-json\/wp\/v2\/tags?post=3289"}],"curies":[{"name":"wp","href":"https:\/\/api.w.org\/{rel}","templated":true}]}}