{"id":3298,"date":"2021-03-01T02:58:51","date_gmt":"2021-03-01T06:58:51","guid":{"rendered":"http:\/\/jms.com.bo\/mediamonitor\/?p=3298"},"modified":"2021-03-01T02:58:51","modified_gmt":"2021-03-01T06:58:51","slug":"autoridades-de-san-ignacio-reclaman-convocatoria-transparente-para-director-del-parque-noel-kempff-mercado","status":"publish","type":"post","link":"https:\/\/jms.com.bo\/mediamonitor\/2021\/03\/01\/autoridades-de-san-ignacio-reclaman-convocatoria-transparente-para-director-del-parque-noel-kempff-mercado\/","title":{"rendered":"Autoridades de San Ignacio reclaman convocatoria transparente para director del Parque Noel Kempff Mercado"},"content":{"rendered":"<p style=\"text-align: justify;\">Al menos\u00a0siete instituciones rechazan el nombramiento de la directoria interina del parque Noel Kempff Mercado\u00a0y piden un nuevo proceso que permita la elecci\u00f3n de una persona id\u00f3nea. El pronunciamiento emitido el pasado viernes reclama la participaci\u00f3n del Comit\u00e9 de Gesti\u00f3n durante la selecci\u00f3n del nuevo director.<\/p>\n<p style=\"text-align: justify;\">El reclamo est\u00e1 suscrito por las autoridades del Gobierno Municipal de San Ignacio de Velasco junto a la Subgobernaci\u00f3n y las organizaciones ind\u00edgenas del Bajo Paragua (Cibapa).\u00a0Califican de \u201catropello\u201d\u00a0el nombramiento de la ingeniera Clarisse Vega como directora del parque Noel Kempff Mercado\u00a0ya que se produjo de manera arbitraria y escondida.<\/p>\n<p style=\"text-align: justify;\">Las organizaciones ind\u00edgenas se\u00f1alan que\u00a0se les ha dejado fuera del comit\u00e9 de gesti\u00f3n que deber\u00eda evaluar a los postulantes\u00a0al cargo de director del Parque Nacional Noel Kempff Mercado.<\/p>\n<p style=\"text-align: justify;\">Maida Pe\u00f1a, cacique general de la comunidad Porvenir,\u00a0remarca la importancia de conocer la zona para poder ocupar el cargo. \u201cNosotros somos la franja de protecci\u00f3n,\u00a0somos los mejores guardaparques. Tenemos que trabajar de la mano con las autoridades\u201d, se\u00f1ala. Y recuerda que uno de los requisitos que se establece para la asignaci\u00f3n del cargo apunta a la relaci\u00f3n que debe tener el director con las diferentes comunidades.<\/p>\n<p style=\"text-align: justify;\">\n<p style=\"text-align: justify;\">\u201cPedimos\u00a0que se haga\u00a0un procedimiento correcto\u201d, destaca\u00a0Pe\u00f1a. En su criterio, existen \u201cvecinos que cuentan con capacitaci\u00f3n para el puesto\u201d pero no han sido considerados por que la elecci\u00f3n se realiz\u00f3 a escondidas de los pobladores. \u201cNo necesitamos un director que venga a conocer el parque\u00a0o solo quiera salir en la foto\u201d, corrobora Pe\u00f1a.<\/p>\n<p style=\"text-align: justify;\">El acuerdo alcanzado por autoridades de San Ignacio de Velasco y comunidades originarias\u00a0rechaza \u201ca la autoridad como directora del parque\u201d ya que en su nombramiento no fueron \u201ctomados en cuenta como comit\u00e9 de gesti\u00f3n\u00a0del proceso de licitaci\u00f3n\u201d.<\/p>\n<p style=\"text-align: justify;\">Hortensia G\u00f3mez, cacique de Piso Firme y presidenta del comit\u00e9 de gesti\u00f3n\u00a0del Parque Noel Kempff Mercado,\u00a0explic\u00f3\u00a0a EL DEBER que tienen conocimiento de\u00a0que Vega est\u00e1\u00a0avalada por la Coordinadora de Pueblos \u00c9tnicos de Santa Cruz (Cpesc).\u00a0\u00abEsa es nuestra molestia en las comunidades, y m\u00e1s del comit\u00e9 de gesti\u00f3n, porque\u00a0la Cpesc no puede estar avalando pol\u00edticamente y hacernos a un lado, es preocupante que se est\u00e9 metiendo, no tiene nada que ver la Cpesc por ac\u00e1\u00bb, asever\u00f3.<\/p>\n<p style=\"text-align: justify;\">\n<p style=\"text-align: justify;\">Adem\u00e1s, el mismo pronunciamiento\u00a0exige \u201cque se realice una nueva convocatoria trasparente y con la participaci\u00f3n del comit\u00e9 de gesti\u00f3n, para el cargo de director del parque nacional\u201d. Incluso, de no ser atendido el reclamo, los firmantes adelantan que \u201ctomaremos todas las acciones correspondientes\u201d.<\/p>\n","protected":false},"excerpt":{"rendered":"<p>Al menos\u00a0siete instituciones rechazan el nombramiento de la directoria interina del parque Noel Kempff Mercado\u00a0y piden un nuevo proceso que permita la elecci\u00f3n de una persona id\u00f3nea. El pronunciamiento emitido el pasado viernes reclama la participaci\u00f3n del Comit\u00e9 de Gesti\u00f3n durante la selecci\u00f3n del nuevo director. El reclamo est\u00e1 suscrito por las autoridades del Gobierno [&hellip;]<\/p>\n","protected":false},"author":1,"featured_media":3299,"comment_status":"open","ping_status":"open","sticky":false,"template":"","format":"standard","meta":{"footnotes":""},"categories":[20],"tags":[],"class_list":{"0":"post-3298","1":"post","2":"type-post","3":"status-publish","4":"format-standard","5":"has-post-thumbnail","7":"category-actualidad"},"_links":{"self":[{"href":"https:\/\/jms.com.bo\/mediamonitor\/wp-json\/wp\/v2\/posts\/3298","targetHints":{"allow":["GET"]}}],"collection":[{"href":"https:\/\/jms.com.bo\/mediamonitor\/wp-json\/wp\/v2\/posts"}],"about":[{"href":"https:\/\/jms.com.bo\/mediamonitor\/wp-json\/wp\/v2\/types\/post"}],"author":[{"embeddable":true,"href":"https:\/\/jms.com.bo\/mediamonitor\/wp-json\/wp\/v2\/users\/1"}],"replies":[{"embeddable":true,"href":"https:\/\/jms.com.bo\/mediamonitor\/wp-json\/wp\/v2\/comments?post=3298"}],"version-history":[{"count":2,"href":"https:\/\/jms.com.bo\/mediamonitor\/wp-json\/wp\/v2\/posts\/3298\/revisions"}],"predecessor-version":[{"id":3302,"href":"https:\/\/jms.com.bo\/mediamonitor\/wp-json\/wp\/v2\/posts\/3298\/revisions\/3302"}],"wp:featuredmedia":[{"embeddable":true,"href":"https:\/\/jms.com.bo\/mediamonitor\/wp-json\/wp\/v2\/media\/3299"}],"wp:attachment":[{"href":"https:\/\/jms.com.bo\/mediamonitor\/wp-json\/wp\/v2\/media?parent=3298"}],"wp:term":[{"taxonomy":"category","embeddable":true,"href":"https:\/\/jms.com.bo\/mediamonitor\/wp-json\/wp\/v2\/categories?post=3298"},{"taxonomy":"post_tag","embeddable":true,"href":"https:\/\/jms.com.bo\/mediamonitor\/wp-json\/wp\/v2\/tags?post=3298"}],"curies":[{"name":"wp","href":"https:\/\/api.w.org\/{rel}","templated":true}]}}