{"id":3314,"date":"2021-03-01T03:07:32","date_gmt":"2021-03-01T07:07:32","guid":{"rendered":"http:\/\/jms.com.bo\/mediamonitor\/?p=3314"},"modified":"2021-03-01T03:07:32","modified_gmt":"2021-03-01T07:07:32","slug":"los-candidatos-apuestan-todo-en-el-ultimo-fin-de-semana-de-campana","status":"publish","type":"post","link":"https:\/\/jms.com.bo\/mediamonitor\/2021\/03\/01\/los-candidatos-apuestan-todo-en-el-ultimo-fin-de-semana-de-campana\/","title":{"rendered":"Los candidatos apuestan todo en el \u00faltimo fin de semana de campa\u00f1a"},"content":{"rendered":"<p style=\"text-align: justify;\">Las campa\u00f1as electorales no han dado tregua este domingo en Bolivia a siete d\u00edas de las elecciones subnacionales, que se proponen sintonizar con los electores indecisos o inclinar la balanza a su favor en medio de inhabilitaciones y procesos judiciales contra algunos candidatos.<\/p>\n<p>Las plazas de los barrios son el principal punto de difusi\u00f3n de los partidos pol\u00edticos en los que se han apostado militantes que ense\u00f1an las banderas y reparten panfletos, unos rutinariamente mientras que otros m\u00e1s entusiastas recurren a trompetas o tambores y hacen peque\u00f1os regalos como desinfectantes con alcohol, lapiceros o chocolates.<\/p>\n<p>Los d\u00edas previos han estado marcados por los despliegues de los principales postulantes a las gobernaciones y alcald\u00edas por los barrios de las principales ciudades como Santa Cruz, El Alto, La Paz y Cochabamba en caravanas de veh\u00edculos o caminatas, adem\u00e1s de la difusi\u00f3n de esas actividades las redes sociales.<\/p>\n<p><strong>LOS FAVORITOS EST\u00c1N DEFINIDOS<\/strong><\/p>\n<p>Las encuestas han sido fundamentales para mostrar una posible tendencia de votaci\u00f3n principalmente en el eje central del pa\u00eds donde las plazas de elecci\u00f3n son ampliamente disputadas, aunque no han faltado quienes han puesto en duda casi por completo esos resultados para reivindicar su propia fortaleza.<\/p>\n<p>Las preferencias en las regiones apuntan en la mayor\u00eda de los casos a identificar al que es candidato del gobernante Movimiento al Socialismo (MAS) ante un par de opositores mejor perfilados que indistintamente pelean los primeros tres lugares, mientras que el resto, seg\u00fan los sondeos, tiene una min\u00fascula intenci\u00f3n de voto.<\/p>\n<p><strong>LAS ZONAS M\u00c1S CALIENTES<\/strong><\/p>\n<p>Cochabamba es ahora el sitio en el que se mantiene una tensi\u00f3n latente por la inhabilitaci\u00f3n del candidato Manfred Reyes Villa, al que las encuestas daban m\u00e1s del 50% de favoritismo, y que ha provocado una huelga de hambre de decenas de seguidores para que el ente electoral revise su decisi\u00f3n.<\/p>\n<p>Otro foco de disputa es El Alto, la segunda ciudad m\u00e1s poblada del pa\u00eds y considerada el basti\u00f3n pol\u00edtico del MAS, en la que la expresidenta del Senado Eva Copa, expulsada de ese partido por decidir ser candidata por separado, aparece con un apoyo de casi el 90%.<\/p>\n<p>El fen\u00f3meno Copa ha provocado una pol\u00e9mica en la que excorreligionarios suyos como el expresidente Evo Morales la han aludido por traici\u00f3n, mientras que la joven pol\u00edtica de 34 a\u00f1os ha reivindicado lo que considera un acto de discriminaci\u00f3n de su expartido por no tomarla en cuenta como candidata.<\/p>\n<p>La Gobernaci\u00f3n de Santa Cruz parece ser una plaza reservada para el opositor, excandidato presidencial y l\u00edder c\u00edvico Luis Fernando Camacho, mientras que el favorito para ganar en la Alcald\u00eda del mismo nombre es el l\u00edder opositor de Unidad C\u00edvica Solidaridad, Jhonny Fern\u00e1ndez.<\/p>\n<p>De otro lado, est\u00e1n los procesos judiciales que se han implantado contra la expresidenta interina del pa\u00eds y candidata a la Gobernaci\u00f3n de Beni, Jeanine A\u00f1ez (12 de noviembre de 2019 a 8 de noviembre de 2020), citada ante la Fiscal\u00eda, algo que tambi\u00e9n le ha pasado a Camacho en Santa Cruz o una reciente sentencia contra el l\u00edder ind\u00edgena Rafael \u00abTata\u00bb Quispe.<\/p>\n<p>Las agrupaciones pol\u00edticas dedicar\u00e1n los siguientes d\u00edas para hacer sus cierres de campa\u00f1a con las restricciones para aglomeraciones por la pandemia, ya que desde el pr\u00f3ximo jueves rige el tiempo de silencio electoral que establecen las leyes.<\/p>\n<p>Los del pr\u00f3ximo domingo son los segundos comicios que se realizan en Bolivia en medio de la pandemia.<\/p>\n<p>M\u00e1s de 7.1 millones de electores asistir\u00e1n a las urnas el pr\u00f3ximo domingo 7 de marzo para elegir a unas 5.000 autoridades entre casi 20.000 postulantes a gobernadores y asamble\u00edstas departamentales en los nueve departamentos adem\u00e1s alcaldes y concejales de 339 municipios.<\/p>\n","protected":false},"excerpt":{"rendered":"<p>Las campa\u00f1as electorales no han dado tregua este domingo en Bolivia a siete d\u00edas de las elecciones subnacionales, que se proponen sintonizar con los electores indecisos o inclinar la balanza a su favor en medio de inhabilitaciones y procesos judiciales contra algunos candidatos. Las plazas de los barrios son el principal punto de difusi\u00f3n de [&hellip;]<\/p>\n","protected":false},"author":1,"featured_media":3315,"comment_status":"open","ping_status":"open","sticky":false,"template":"","format":"standard","meta":{"footnotes":""},"categories":[18],"tags":[],"class_list":{"0":"post-3314","1":"post","2":"type-post","3":"status-publish","4":"format-standard","5":"has-post-thumbnail","7":"category-politica"},"_links":{"self":[{"href":"https:\/\/jms.com.bo\/mediamonitor\/wp-json\/wp\/v2\/posts\/3314","targetHints":{"allow":["GET"]}}],"collection":[{"href":"https:\/\/jms.com.bo\/mediamonitor\/wp-json\/wp\/v2\/posts"}],"about":[{"href":"https:\/\/jms.com.bo\/mediamonitor\/wp-json\/wp\/v2\/types\/post"}],"author":[{"embeddable":true,"href":"https:\/\/jms.com.bo\/mediamonitor\/wp-json\/wp\/v2\/users\/1"}],"replies":[{"embeddable":true,"href":"https:\/\/jms.com.bo\/mediamonitor\/wp-json\/wp\/v2\/comments?post=3314"}],"version-history":[{"count":1,"href":"https:\/\/jms.com.bo\/mediamonitor\/wp-json\/wp\/v2\/posts\/3314\/revisions"}],"predecessor-version":[{"id":3316,"href":"https:\/\/jms.com.bo\/mediamonitor\/wp-json\/wp\/v2\/posts\/3314\/revisions\/3316"}],"wp:featuredmedia":[{"embeddable":true,"href":"https:\/\/jms.com.bo\/mediamonitor\/wp-json\/wp\/v2\/media\/3315"}],"wp:attachment":[{"href":"https:\/\/jms.com.bo\/mediamonitor\/wp-json\/wp\/v2\/media?parent=3314"}],"wp:term":[{"taxonomy":"category","embeddable":true,"href":"https:\/\/jms.com.bo\/mediamonitor\/wp-json\/wp\/v2\/categories?post=3314"},{"taxonomy":"post_tag","embeddable":true,"href":"https:\/\/jms.com.bo\/mediamonitor\/wp-json\/wp\/v2\/tags?post=3314"}],"curies":[{"name":"wp","href":"https:\/\/api.w.org\/{rel}","templated":true}]}}