{"id":3323,"date":"2021-03-01T03:14:46","date_gmt":"2021-03-01T07:14:46","guid":{"rendered":"http:\/\/jms.com.bo\/mediamonitor\/?p=3323"},"modified":"2021-03-01T03:14:46","modified_gmt":"2021-03-01T07:14:46","slug":"ibo-blazicevic-esta-es-la-mayor-crisis-industrial-de-los-ultimos-40-anos-en-bolivia","status":"publish","type":"post","link":"https:\/\/jms.com.bo\/mediamonitor\/2021\/03\/01\/ibo-blazicevic-esta-es-la-mayor-crisis-industrial-de-los-ultimos-40-anos-en-bolivia\/","title":{"rendered":"Ibo Blazicevic: \u201cEsta es la mayor crisis industrial de los \u00faltimos 40 a\u00f1os en Bolivia\u201d"},"content":{"rendered":"<p>&nbsp;<\/p>\n<p>En Bolivia, la industria ha sido uno de los sectores m\u00e1s golpeador por la pandemia que provoc\u00f3 el Covid-19. A septiembre de 2020, el sector experiment\u00f3 un descenso del Producto Interno Bruto industrial del -11,9% cuando en 2019 se lleg\u00f3 a un crecimiento del 3,19%. Como consecuencia de ello, hubo un impacto en los empleos, la C\u00e1mara Nacional de Industrias (CNI) estima que alrededor de 70.000 personas del sector fueron afectadas por ajustes laborales, reducci\u00f3n de tiempo de trabajo o despidos.<\/p>\n<p>Al cumplir 90 a\u00f1os de vida institucional, el presidente de la CNI, Ibo Blazicevic, hace un repaso de los problemas, pero tambi\u00e9n plantea nuevos escenarios.<\/p>\n<p><strong>\u00a0_\u00bfPor qu\u00e9 Bolivia no alcanza los \u00edndices de productividad industrial que se reflejan en pa\u00edses vecinos como Argentina o Brasil?<br \/>\n<\/strong>La econom\u00eda boliviana y sus instituciones, desde su fundaci\u00f3n, tienen orientaci\u00f3n primaria exportadora, raz\u00f3n por la cual no se enfatiz\u00f3 en el desarrollo del sector secundario (industria). \u00c9sta es la raz\u00f3n hist\u00f3rica, estructural y b\u00e1sica de por qu\u00e9 Bolivia no alcanza altos \u00edndices de productividad.<\/p>\n<p>Pa\u00edses como Argentina y Brasil desde el siglo pasado impulsaron al sector industrial con pol\u00edticas e instituciones de desarrollo industrial manufacturero y con infraestructura productiva. Por ejemplo, Brasil y Argentina implementaron la pol\u00edtica de sustituci\u00f3n de importaciones, por lo cual su productividad industrial es mayor a la nuestra.<\/p>\n<p><strong>_\u00bfPor qu\u00e9 no hay una lucha decidida del Gobierno contra el contrabando de alimentos? \u00bfEs posible que se quiera evitar una inflaci\u00f3n?<br \/>\n<\/strong>Existe lucha contra el contrabando; sin embargo, es insuficiente. El contrabando creci\u00f3 a\u00f1o tras a\u00f1o y actualmente supera los $us 2.300 millones por a\u00f1o.<\/p>\n<p><strong>_\u00bfQu\u00e9 pol\u00edticas han planteado desde la industria para frenar el contrabando?<br \/>\n<\/strong>Se plantearon medidas concretas, entre ellas modificar la Ley 1053 sobre Fortalecimiento de Lucha al Contrabando que establece privaci\u00f3n de libertad cuando el valor del tributo omitido es mayor a 200.000 UFVs (Bs 472.000) y si es menor a este valor corresponde una multa del 50% del valor de la mercader\u00eda. La modificaci\u00f3n es reducir el valor de 200.000 UFVs a 50.000 UFVs (Bs 118.000).<\/p>\n<p>Adem\u00e1s, intensificar la lucha contra el contrabando mediante acciones de interdicci\u00f3n con las Fuerzas Armadas y el viceministerio del \u00e1rea no s\u00f3lo en la frontera de Chile, sino tambi\u00e9n en la frontera con Brasil y Argentina.<\/p>\n<p>Implementar un c\u00f3digo de barras, C\u00f3digo QR, hologramas en los productos importados a Bolivia en lugar de los timbres actuales que son de f\u00e1cil falsificaci\u00f3n.<\/p>\n<p><strong>_Los productores han sugerido que tambi\u00e9n alcald\u00edas y gobernaciones apoyen el control de mercader\u00eda ilegal&#8230;<br \/>\n<\/strong>S\u00ed, debe haber control y decomiso del contrabando por parte de autoridades p\u00fablicas nacionales y subnacionales (gobernaciones y municipios) en mercados internos (ferias, calles, mercados populares, etc.).<\/p>\n<p>Adem\u00e1s, es importante transparentar mensualmente la base de datos de la Aduana sobre importaciones de mercader\u00eda por empresas y productos para evitar el contrabando t\u00e9cnico mediante subvaluaci\u00f3n de productos y emitir norma al respecto.<strong>_La falta de una pol\u00edtica de incentivo a la industria obedece a que el Gobierno responde m\u00e1s a los pedidos de la micro y peque\u00f1a empresa?<\/strong><\/p>\n<p>La orientaci\u00f3n de la pol\u00edtica industrial del Gobierno es de fortalecimiento de las industrias p\u00fablicas. Existen alrededor de 50 empresas p\u00fablicas industriales. Esta orientaci\u00f3n es parte del modelo econ\u00f3mico social comunitario productivo desde 2016. Asimismo, la actual pol\u00edtica de sustituci\u00f3n de importaciones con cr\u00e9ditos del Banco de Desarrollo Productivo (BDP) y Banco Uni\u00f3n a tasas de 0,5% anual se orientan con \u00e9nfasis a peque\u00f1as y microempresas industriales.<\/p>\n<p>Sin embargo, la CNI ha presentado su propuesta de Pol\u00edtica y Desarrollo Industrial 2020 -2030, donde plantea un conjunto de 27 pol\u00edticas p\u00fablicas para realizar un salto cuantitativo y cualitativo del actual 16% de industrializaci\u00f3n hacia el 25% en 2030.<\/p>\n<p><strong>_\u00bfY c\u00f3mo se puede lograr ese salto cuantitativo del sector industrial par que pueda aportar un 25% al PIB?<br \/>\n<\/strong>La propuesta plantea la reposici\u00f3n del Ministerio de Industria para impulsar el desarrollo de la industria manufacturera.<\/p>\n<p>Adem\u00e1s, sugiere que en los pr\u00f3ximos 10 a\u00f1os, la pol\u00edtica industrial debe fortalecer el posicionamiento de la manufactura tradicional y, a la vez, crear las bases para dar un salto tecnol\u00f3gico impulsando sectores industriales de vanguardia y consolidando el rol territorial de los complejos productivos como portadores de transformaci\u00f3n y desarrollo.<\/p>\n<p><strong>_\u00bfCu\u00e1l ha sido el impacto de la pandemia en el sector industrial?<br \/>\n<\/strong>Debido a los efectos de la pandemia de Covid-19 en 2020 (a septiembre) se experiment\u00f3 una recesi\u00f3n del PIB industrial del -11,9% cuando en 2019 se lleg\u00f3 a crecer un 3,19%, una reducci\u00f3n de 15 puntos porcentuales. La mayor crisis econ\u00f3mica industrial de los \u00faltimos 40 a\u00f1os.<\/p>\n<p><strong>_\u00bfY no experimentaron una mejora con la flexibilizaci\u00f3n de la cuarentena r\u00edgida?<br \/>\n<\/strong>Durante los primeros 60 d\u00edas de la cuarentena r\u00edgida en 2020, s\u00f3lo el 20% del sector industrial realiz\u00f3 actividades econ\u00f3micas y en la cuarentena flexible la demanda de productos industriales fue m\u00ednima, en consecuencia, cayeron abruptamente las ventas; sin embargo, los gastos tributarios, salariales (aguinaldo), crediticios y a la seguridad social contin\u00faan inalterables. Debido al Covid-19 las industrias pasaron de generar utilidades a reportar p\u00e9rdidas con la consiguiente ca\u00edda de la liquidez y la p\u00e9rdida de capital de operaciones.<\/p>\n<p><strong>_\u00bfC\u00f3mo afrontaron el pago de salarios con bajos ingresos?<br \/>\n<\/strong>El costo laboral (sueldos y salarios) por dos meses de cuarentena r\u00edgida e inactividad industrial en el 80% de las industrias represent\u00f3 $us 105 millones. Las ventas no realizadas en el sector industrial por los 60 d\u00edas de cuarentena r\u00edgida alcanzaron a $us 524 millones.<\/p>\n<p>Entonces, las p\u00e9rdidas del sector industrial a septiembre de 2020 llegaron a $us 51 millones. Las industrias, en el contexto del Covid-19, no generan utilidades, si no p\u00e9rdidas. En 2020, cerr\u00f3 una industria por d\u00eda.<\/p>\n","protected":false},"excerpt":{"rendered":"<p>&nbsp; En Bolivia, la industria ha sido uno de los sectores m\u00e1s golpeador por la pandemia que provoc\u00f3 el Covid-19. A septiembre de 2020, el sector experiment\u00f3 un descenso del Producto Interno Bruto industrial del -11,9% cuando en 2019 se lleg\u00f3 a un crecimiento del 3,19%. Como consecuencia de ello, hubo un impacto en los [&hellip;]<\/p>\n","protected":false},"author":1,"featured_media":3324,"comment_status":"open","ping_status":"open","sticky":false,"template":"","format":"standard","meta":{"footnotes":""},"categories":[25],"tags":[],"class_list":{"0":"post-3323","1":"post","2":"type-post","3":"status-publish","4":"format-standard","5":"has-post-thumbnail","7":"category-economia"},"_links":{"self":[{"href":"https:\/\/jms.com.bo\/mediamonitor\/wp-json\/wp\/v2\/posts\/3323","targetHints":{"allow":["GET"]}}],"collection":[{"href":"https:\/\/jms.com.bo\/mediamonitor\/wp-json\/wp\/v2\/posts"}],"about":[{"href":"https:\/\/jms.com.bo\/mediamonitor\/wp-json\/wp\/v2\/types\/post"}],"author":[{"embeddable":true,"href":"https:\/\/jms.com.bo\/mediamonitor\/wp-json\/wp\/v2\/users\/1"}],"replies":[{"embeddable":true,"href":"https:\/\/jms.com.bo\/mediamonitor\/wp-json\/wp\/v2\/comments?post=3323"}],"version-history":[{"count":1,"href":"https:\/\/jms.com.bo\/mediamonitor\/wp-json\/wp\/v2\/posts\/3323\/revisions"}],"predecessor-version":[{"id":3325,"href":"https:\/\/jms.com.bo\/mediamonitor\/wp-json\/wp\/v2\/posts\/3323\/revisions\/3325"}],"wp:featuredmedia":[{"embeddable":true,"href":"https:\/\/jms.com.bo\/mediamonitor\/wp-json\/wp\/v2\/media\/3324"}],"wp:attachment":[{"href":"https:\/\/jms.com.bo\/mediamonitor\/wp-json\/wp\/v2\/media?parent=3323"}],"wp:term":[{"taxonomy":"category","embeddable":true,"href":"https:\/\/jms.com.bo\/mediamonitor\/wp-json\/wp\/v2\/categories?post=3323"},{"taxonomy":"post_tag","embeddable":true,"href":"https:\/\/jms.com.bo\/mediamonitor\/wp-json\/wp\/v2\/tags?post=3323"}],"curies":[{"name":"wp","href":"https:\/\/api.w.org\/{rel}","templated":true}]}}