{"id":35719,"date":"2022-11-02T15:58:13","date_gmt":"2022-11-02T19:58:13","guid":{"rendered":"https:\/\/jms.com.bo\/mediamonitor\/2022\/11\/02\/avicultores-alertan-cierre-de-granjas-por-falta-de-alimento-a-consecuencia-del-paro-cruceno\/"},"modified":"2022-11-02T15:58:13","modified_gmt":"2022-11-02T19:58:13","slug":"avicultores-alertan-cierre-de-granjas-por-falta-de-alimento-a-consecuencia-del-paro-cruceno","status":"publish","type":"post","link":"https:\/\/jms.com.bo\/mediamonitor\/2022\/11\/02\/avicultores-alertan-cierre-de-granjas-por-falta-de-alimento-a-consecuencia-del-paro-cruceno\/","title":{"rendered":"Avicultores alertan cierre de granjas por falta de alimento a consecuencia del paro cruce\u00f1o"},"content":{"rendered":"<p style=\"text-align: justify;\">El vicepresidente de la Asociaci\u00f3n de Avicultores (ADA) de Cochabamba, Iv\u00e1n Carre\u00f3n, alert\u00f3 este mi\u00e9rcoles el posible cierre de granjas por falta de alimentos para pollos a consecuencia del paro indefinido en Santa Cruz.<\/p>\n<p style=\"text-align: justify;\">El representante, en contacto con Unitel, explic\u00f3 que a consecuencia del paro cruce\u00f1o este sector en Cochabamba no recibi\u00f3 ma\u00edz y soya, que son los alimentos principales para la crianza de pollos, y que tienen previsiones para unos cuatro o cinco d\u00edas m\u00e1s.<\/p>\n<p style=\"text-align: justify;\">\u201cSi sigue esta situaci\u00f3n (falta de alimento) tendremos que cerrar las granjas\u201d, alert\u00f3 y a\u00f1adi\u00f3 que cuando los pollos no tienen acceso a alimento, se picotean entre ellos y se matan, por lo que al final las p\u00e9rdidas ser\u00e1n m\u00e1s grandes.<\/p>\n<p style=\"text-align: justify;\">El dirigente de los avicultores cochabambinos pidi\u00f3 a las autoridades cruce\u00f1as aceptar el di\u00e1logo ofrecido por el Gobierno para levantar la medida que a afecta a este sector y otros, principalmente ahora que se acercan las fiestas de fin de a\u00f1o.<\/p>\n<p style=\"text-align: justify;\">El paro indefinido en Santa Cruz es promovido por el Comit\u00e9 Interinstitucional, agrupado por el gobernador, Luis Fernando Camacho; el rector de la Universidad Aut\u00f3noma Gabriel Ren\u00e9 Moreno (Uagrm), Vicente Cuellar; el c\u00edvico R\u00f3mulo Calvo y otros sectores.<\/p>\n<p style=\"text-align: justify;\">El comit\u00e9 cruce\u00f1o tom\u00f3 esta medida en demanda a que el Gobierno recorra el Censo a 2023 y no lo efectu\u00e9 en 2024 como estableci\u00f3, en consenso, el Consejo Nacional de Autonom\u00edas (CNA), integrado por autoridades nacionales, subnacionales y representantes de diferentes sectores.<\/p>\n","protected":false},"excerpt":{"rendered":"<p>El vicepresidente de la Asociaci\u00f3n de Avicultores (ADA) de Cochabamba, Iv\u00e1n Carre\u00f3n, alert\u00f3 este mi\u00e9rcoles el posible cierre de granjas por falta de alimentos para pollos a consecuencia del paro indefinido en Santa Cruz. El representante, en contacto con Unitel, explic\u00f3 que a consecuencia del paro cruce\u00f1o este sector en Cochabamba no recibi\u00f3 ma\u00edz y [&hellip;]<\/p>\n","protected":false},"author":4,"featured_media":35720,"comment_status":"open","ping_status":"open","sticky":false,"template":"","format":"standard","meta":{"footnotes":""},"categories":[54],"tags":[],"class_list":{"0":"post-35719","1":"post","2":"type-post","3":"status-publish","4":"format-standard","5":"has-post-thumbnail","7":"category-paro-civico"},"_links":{"self":[{"href":"https:\/\/jms.com.bo\/mediamonitor\/wp-json\/wp\/v2\/posts\/35719","targetHints":{"allow":["GET"]}}],"collection":[{"href":"https:\/\/jms.com.bo\/mediamonitor\/wp-json\/wp\/v2\/posts"}],"about":[{"href":"https:\/\/jms.com.bo\/mediamonitor\/wp-json\/wp\/v2\/types\/post"}],"author":[{"embeddable":true,"href":"https:\/\/jms.com.bo\/mediamonitor\/wp-json\/wp\/v2\/users\/4"}],"replies":[{"embeddable":true,"href":"https:\/\/jms.com.bo\/mediamonitor\/wp-json\/wp\/v2\/comments?post=35719"}],"version-history":[{"count":0,"href":"https:\/\/jms.com.bo\/mediamonitor\/wp-json\/wp\/v2\/posts\/35719\/revisions"}],"wp:featuredmedia":[{"embeddable":true,"href":"https:\/\/jms.com.bo\/mediamonitor\/wp-json\/wp\/v2\/media\/35720"}],"wp:attachment":[{"href":"https:\/\/jms.com.bo\/mediamonitor\/wp-json\/wp\/v2\/media?parent=35719"}],"wp:term":[{"taxonomy":"category","embeddable":true,"href":"https:\/\/jms.com.bo\/mediamonitor\/wp-json\/wp\/v2\/categories?post=35719"},{"taxonomy":"post_tag","embeddable":true,"href":"https:\/\/jms.com.bo\/mediamonitor\/wp-json\/wp\/v2\/tags?post=35719"}],"curies":[{"name":"wp","href":"https:\/\/api.w.org\/{rel}","templated":true}]}}