{"id":35721,"date":"2022-11-02T15:59:49","date_gmt":"2022-11-02T19:59:49","guid":{"rendered":"https:\/\/jms.com.bo\/mediamonitor\/2022\/11\/02\/jhonny-fernandez-acuerda-cuarto-intermedio-con-cercadores-para-permitir-paso-de-recolectores-de-basura-al-vertedero\/"},"modified":"2022-11-02T15:59:49","modified_gmt":"2022-11-02T19:59:49","slug":"jhonny-fernandez-acuerda-cuarto-intermedio-con-cercadores-para-permitir-paso-de-recolectores-de-basura-al-vertedero","status":"publish","type":"post","link":"https:\/\/jms.com.bo\/mediamonitor\/2022\/11\/02\/jhonny-fernandez-acuerda-cuarto-intermedio-con-cercadores-para-permitir-paso-de-recolectores-de-basura-al-vertedero\/","title":{"rendered":"Jhonny Fern\u00e1ndez acuerda cuarto intermedio con &#8216;cercadores&#8217; para permitir paso de recolectores de basura al vertedero"},"content":{"rendered":"<p style=\"text-align: justify;\">El alcalde del municipio de Santa Cruz de la Sierra, Jhonny Fern\u00e1ndez, lleg\u00f3 hasta San Miguel de los Junos para dialogar con los comunarios que cumplen un cerco al ingreso del vertedero municipal.<\/p>\n<p style=\"text-align: justify;\">Afirm\u00f3 que \u00abpersuadi\u00f3\u00bb a los cercadores para lograr un cuarto intermedio y que de esta manera pasen los camiones recolectores de basura, que est\u00e1n varados desde hace una semana.<\/p>\n<p style=\"text-align: justify;\">\u00abHace una semana que ped\u00ed que intervenga la Polic\u00eda y Fiscal\u00eda, no pueden seguir perjudicando a Santa Cruz. Hago un llamado al Gobierno, al Comit\u00e9 Interinstitucional, \u00a1p\u00f3nganse de acuerdo viejo! \u00a1Qu\u00e9 es lo que les pasa a ustedes, piensen en su pueblo, no hagan da\u00f1o!\u00bb, exclam\u00f3 Fern\u00e1ndez.<\/p>\n<p style=\"text-align: justify;\">Tras lograr un acuerdo, el edil cruce\u00f1o salud\u00f3 a los conductores de los camiones de Emacruz que pasaban hacia el vertedero del Complejo Municipal.<br \/>\nDe acuerdo al informe, se priorizar\u00e1 el recojo de los desechos patol\u00f3gicos generados en los hospitales, y se estima que 40 recolectores que ingresar\u00e1n al vertedero para vaciar los residuos y nuevamente salir al levantamiento donde pasar\u00e1n por algunos mercados como el Mutualista.<\/p>\n<p style=\"text-align: justify;\">\u201cLo que menos quiero es que haya confrontaci\u00f3n, que de una vez volvamos a la normalidad y nos dejen limpiar\u201c, dijo en contacto con los medios.<br \/>\nSe\u00f1al\u00f3 que no actu\u00f3 anteriormente porque sent\u00f3 una denuncia penal en la Fuerza Especial de Lucha Contra el Crimen (Felcc) y ten\u00eda que esperar que tanto el Ministerio P\u00fablico y la Polic\u00eda cumplan con su trabajo.<\/p>\n<p style=\"text-align: justify;\">Sospecha complicidad<\/p>\n<p style=\"text-align: justify;\">El concejal por Dem\u00f3cratas, Manuel Saavedra, cuestion\u00f3 por qu\u00e9 el edil cruce\u00f1o no desbloque\u00f3 el ingreso al vertedero municipal una semana atr\u00e1s, teniendo una cuantiosa cantidad de basura acumulada en las calles.<\/p>\n<p style=\"text-align: justify;\">El legislador de oposici\u00f3n mostr\u00f3 fotograf\u00edas de dos dirigentes que estaban liderando el cerco en San Miguel de los Junos, junto al alcalde Jhonny Fern\u00e1ndez y el subalcalde del Distrito 14 de Paurito en distintas actividades, respectivamente.<\/p>\n<p style=\"text-align: justify;\">\u201cEs decir se conocen, si coordinaron primeramente para sacarse foto y recibir material deportivo, \u00bfpor qu\u00e9 no coordinaron para desbloquear? \u00bfo, ah\u00ed viene la duda, coordinaron para bloquear?\u201d, cuestion\u00f3.<\/p>\n<p style=\"text-align: justify;\">Pidi\u00f3 a Fern\u00e1ndez a desbloquear inmediatamente el complejo con la guardia municipal o quien corresponda y as\u00ed garantizar la limpieza de la ciudad.<\/p>\n","protected":false},"excerpt":{"rendered":"<p>El alcalde del municipio de Santa Cruz de la Sierra, Jhonny Fern\u00e1ndez, lleg\u00f3 hasta San Miguel de los Junos para dialogar con los comunarios que cumplen un cerco al ingreso del vertedero municipal. Afirm\u00f3 que \u00abpersuadi\u00f3\u00bb a los cercadores para lograr un cuarto intermedio y que de esta manera pasen los camiones recolectores de basura, [&hellip;]<\/p>\n","protected":false},"author":4,"featured_media":35722,"comment_status":"open","ping_status":"open","sticky":false,"template":"","format":"standard","meta":{"footnotes":""},"categories":[54],"tags":[],"class_list":{"0":"post-35721","1":"post","2":"type-post","3":"status-publish","4":"format-standard","5":"has-post-thumbnail","7":"category-paro-civico"},"_links":{"self":[{"href":"https:\/\/jms.com.bo\/mediamonitor\/wp-json\/wp\/v2\/posts\/35721","targetHints":{"allow":["GET"]}}],"collection":[{"href":"https:\/\/jms.com.bo\/mediamonitor\/wp-json\/wp\/v2\/posts"}],"about":[{"href":"https:\/\/jms.com.bo\/mediamonitor\/wp-json\/wp\/v2\/types\/post"}],"author":[{"embeddable":true,"href":"https:\/\/jms.com.bo\/mediamonitor\/wp-json\/wp\/v2\/users\/4"}],"replies":[{"embeddable":true,"href":"https:\/\/jms.com.bo\/mediamonitor\/wp-json\/wp\/v2\/comments?post=35721"}],"version-history":[{"count":0,"href":"https:\/\/jms.com.bo\/mediamonitor\/wp-json\/wp\/v2\/posts\/35721\/revisions"}],"wp:featuredmedia":[{"embeddable":true,"href":"https:\/\/jms.com.bo\/mediamonitor\/wp-json\/wp\/v2\/media\/35722"}],"wp:attachment":[{"href":"https:\/\/jms.com.bo\/mediamonitor\/wp-json\/wp\/v2\/media?parent=35721"}],"wp:term":[{"taxonomy":"category","embeddable":true,"href":"https:\/\/jms.com.bo\/mediamonitor\/wp-json\/wp\/v2\/categories?post=35721"},{"taxonomy":"post_tag","embeddable":true,"href":"https:\/\/jms.com.bo\/mediamonitor\/wp-json\/wp\/v2\/tags?post=35721"}],"curies":[{"name":"wp","href":"https:\/\/api.w.org\/{rel}","templated":true}]}}