{"id":35980,"date":"2022-11-04T06:48:59","date_gmt":"2022-11-04T10:48:59","guid":{"rendered":"https:\/\/jms.com.bo\/mediamonitor\/2022\/11\/04\/exportadores-acumulan-perdidas-de-us-150-mm\/"},"modified":"2022-11-04T06:48:59","modified_gmt":"2022-11-04T10:48:59","slug":"exportadores-acumulan-perdidas-de-us-150-mm","status":"publish","type":"post","link":"https:\/\/jms.com.bo\/mediamonitor\/2022\/11\/04\/exportadores-acumulan-perdidas-de-us-150-mm\/","title":{"rendered":"Exportadores acumulan p\u00e9rdidas de $us 150 MM"},"content":{"rendered":"<p style=\"text-align: justify;\">El presidente de la C\u00e1mara Nacional de Exportadores de Bolivia (Caneb), Marcelo Olgu\u00edn, inform\u00f3 ayer que este sector perdi\u00f3 alrededor de 150 millones de d\u00f3lares en 13 d\u00edas de paro y 10 d\u00edas de cerco en Santa Cruz, y exhort\u00f3 al di\u00e1logo para levantar esa medida.<\/p>\n<p style=\"text-align: justify;\">\u201cA la fecha, en esta acumulaci\u00f3n de d\u00edas, estar\u00edamos llegando a un n\u00famero de alrededor de 150 millones de d\u00f3lares\u201d, indic\u00f3 el presentante de los exportadores bolivianos.<\/p>\n<p style=\"text-align: justify;\">De acuerdo con datos de Olgu\u00edn, por d\u00eda de paro cruce\u00f1o este sector deja de mover m\u00e1s de 10 millones de d\u00f3lares en exportaciones de diferentes mercanc\u00edas provenientes de las distintas regiones del pa\u00eds.<\/p>\n<p style=\"text-align: justify;\">En ese sentido, exhort\u00f3 a las autoridades a dialogar para levantar esa medida de presi\u00f3n, que afecta a los diferentes sectores productivos y a la econom\u00eda de las familias no s\u00f3lo de Santa Cruz, sino de todo el pa\u00eds.<\/p>\n<p style=\"text-align: justify;\">\u201cEl Gobierno ha hecho un llamado a la mesa t\u00e9cnica, al di\u00e1logo, nuevamente, a deponer actitudes a desmovilizar a los sectores y hacemos eco de ese llamado\u201d, manifest\u00f3 el presidente de la Caneb. A los perjuicios generados por el bloqueo de caminos a causa del cerco a Santa Cruz, se suma la restricci\u00f3n de las exportaciones de az\u00facar y carne de res, decretada por el gobierno la semana pasada para garantizar la provisi\u00f3n de estos productos en el mercado interno.<\/p>\n<p style=\"text-align: justify;\">Ayer, el sector del transporte pesado de Cochabamba retom\u00f3 un bloqueo de carreteras exigiendo al Gobierno solucionar el conflicto por el censo en Santa Cruz y levantar la restricci\u00f3n a las exportaciones de carne y az\u00facar.<\/p>\n<p style=\"text-align: justify;\">Los transportistas se\u00f1alaron que la medidas es indefinida.<\/p>\n","protected":false},"excerpt":{"rendered":"<p>El presidente de la C\u00e1mara Nacional de Exportadores de Bolivia (Caneb), Marcelo Olgu\u00edn, inform\u00f3 ayer que este sector perdi\u00f3 alrededor de 150 millones de d\u00f3lares en 13 d\u00edas de paro y 10 d\u00edas de cerco en Santa Cruz, y exhort\u00f3 al di\u00e1logo para levantar esa medida. \u201cA la fecha, en esta acumulaci\u00f3n de d\u00edas, estar\u00edamos [&hellip;]<\/p>\n","protected":false},"author":4,"featured_media":35981,"comment_status":"open","ping_status":"open","sticky":false,"template":"","format":"standard","meta":{"footnotes":""},"categories":[25,45,48],"tags":[],"class_list":{"0":"post-35980","1":"post","2":"type-post","3":"status-publish","4":"format-standard","5":"has-post-thumbnail","7":"category-economia","8":"category-portada-economia","9":"category-portada-general-sitio"},"_links":{"self":[{"href":"https:\/\/jms.com.bo\/mediamonitor\/wp-json\/wp\/v2\/posts\/35980","targetHints":{"allow":["GET"]}}],"collection":[{"href":"https:\/\/jms.com.bo\/mediamonitor\/wp-json\/wp\/v2\/posts"}],"about":[{"href":"https:\/\/jms.com.bo\/mediamonitor\/wp-json\/wp\/v2\/types\/post"}],"author":[{"embeddable":true,"href":"https:\/\/jms.com.bo\/mediamonitor\/wp-json\/wp\/v2\/users\/4"}],"replies":[{"embeddable":true,"href":"https:\/\/jms.com.bo\/mediamonitor\/wp-json\/wp\/v2\/comments?post=35980"}],"version-history":[{"count":0,"href":"https:\/\/jms.com.bo\/mediamonitor\/wp-json\/wp\/v2\/posts\/35980\/revisions"}],"wp:featuredmedia":[{"embeddable":true,"href":"https:\/\/jms.com.bo\/mediamonitor\/wp-json\/wp\/v2\/media\/35981"}],"wp:attachment":[{"href":"https:\/\/jms.com.bo\/mediamonitor\/wp-json\/wp\/v2\/media?parent=35980"}],"wp:term":[{"taxonomy":"category","embeddable":true,"href":"https:\/\/jms.com.bo\/mediamonitor\/wp-json\/wp\/v2\/categories?post=35980"},{"taxonomy":"post_tag","embeddable":true,"href":"https:\/\/jms.com.bo\/mediamonitor\/wp-json\/wp\/v2\/tags?post=35980"}],"curies":[{"name":"wp","href":"https:\/\/api.w.org\/{rel}","templated":true}]}}