{"id":35982,"date":"2022-11-04T06:51:23","date_gmt":"2022-11-04T10:51:23","guid":{"rendered":"https:\/\/jms.com.bo\/mediamonitor\/2022\/11\/04\/paises-andinos-acuerdan-intensificar-integracion-electrica-regional-a-traves-de-la-generacion-con-fuentes-de-energia-renovable\/"},"modified":"2022-11-04T06:51:23","modified_gmt":"2022-11-04T10:51:23","slug":"paises-andinos-acuerdan-intensificar-integracion-electrica-regional-a-traves-de-la-generacion-con-fuentes-de-energia-renovable","status":"publish","type":"post","link":"https:\/\/jms.com.bo\/mediamonitor\/2022\/11\/04\/paises-andinos-acuerdan-intensificar-integracion-electrica-regional-a-traves-de-la-generacion-con-fuentes-de-energia-renovable\/","title":{"rendered":"Pa\u00edses andinos acuerdan intensificar integraci\u00f3n el\u00e9ctrica regional a trav\u00e9s de la generaci\u00f3n con fuentes de energ\u00eda renovable"},"content":{"rendered":"<p style=\"text-align: justify;\">Los representantes de los ministerios de Minas y Energ\u00eda de Bolivia, Per\u00fa, Chile, Ecuador y Colombia acordaron avanzar en la generaci\u00f3n el\u00e9ctrica con fuentes de energ\u00eda renovable y la aplicaci\u00f3n de pr\u00e1cticas de eficiencia energ\u00e9tica.<\/p>\n<p style=\"text-align: justify;\">Los gobiernos de Bolivia, Chile, Colombia, Ecuador y Per\u00fa, acordaron intensificar el proyecto de integraci\u00f3n el\u00e9ctrica regional con el prop\u00f3sito de alcanzar la soberan\u00eda energ\u00e9tica. As\u00ed lo dieron a conocer los representantes de los ministerios de Minas y Energ\u00eda de los cinco pa\u00edses andinos, en una declaraci\u00f3n conjunta, en el marco de la reuni\u00f3n del Proyecto de Integraci\u00f3n Energ\u00e9tica Regional en la regi\u00f3n Andina, que se llev\u00f3 a cabo en Lima (Per\u00fa).<\/p>\n<p style=\"text-align: justify;\">Los gobiernos definieron avanzar en la Hoja de Ruta del Sistema de Interconexi\u00f3n El\u00e9ctrica Andina (SINEA), 2020-2030 e impulsar la generaci\u00f3n el\u00e9ctrica con fuentes de energ\u00eda renovable.<\/p>\n<p style=\"text-align: justify;\">\u201cLos gobiernos de Bolivia, Colombia, Chile, Ecuador y Per\u00fa, continuaremos trabajando por la interconexi\u00f3n el\u00e9ctrica regional, la generaci\u00f3n el\u00e9ctrica con fuentes de energ\u00eda renovable y la aplicaci\u00f3n de pr\u00e1cticas de eficiencia energ\u00e9tica, para alcanzar una soberan\u00eda energ\u00e9tica regional con una visi\u00f3n de futuro, dentro de una transici\u00f3n energ\u00e9tica justa, gradual, responsable, participativa e intensiva en conocimiento, donde la innovaci\u00f3n tecnol\u00f3gica y el uso de nuevas tecnolog\u00edas sean la base del trabajo conjunto de nuestros pa\u00edses\u201d, dice la declaraci\u00f3n firmada por Alessandra Herrera, ministra de Energ\u00eda del Per\u00fa; Xavier Vera Grunaer, Ministro de Energ\u00eda y Minas de Ecuador; Enith Carri\u00f3n, Viceministra de Electricidad y Energ\u00eda Renovable de Ecuador; Belizza Janet Ruiz, Viceministra de Energ\u00eda de Colombia; Severino Quispe Ramos, Director de Energ\u00edas Alternativas del Ministerio de Hidrocarburos y Energ\u00eda de Bolivia; y Jorge Hern\u00e1n Pedraza, Secretario General de la Comunidad Andina de Naciones (CAN).<\/p>\n<p style=\"text-align: justify;\">La Viceministra de Energ\u00eda de Colombia, Belizza Janet Ruiz, destac\u00f3 que los pa\u00edses andinos acogieron los cinco principios de la Transici\u00f3n Energ\u00e9tica que adelanta Colombia, es decir, que sea \u201cjusta, gradual, responsable, participativa e intensiva en conocimiento\u201d. \u201cDe esta manera, avanzamos no s\u00f3lo en la definici\u00f3n de los principios sino tambi\u00e9n en avanzar en la interconexi\u00f3n Colombia-Ecuador-Per\u00fa con un nivel de tensi\u00f3n de 500 KV\u201d, asegur\u00f3.<\/p>\n","protected":false},"excerpt":{"rendered":"<p>Los representantes de los ministerios de Minas y Energ\u00eda de Bolivia, Per\u00fa, Chile, Ecuador y Colombia acordaron avanzar en la generaci\u00f3n el\u00e9ctrica con fuentes de energ\u00eda renovable y la aplicaci\u00f3n de pr\u00e1cticas de eficiencia energ\u00e9tica. Los gobiernos de Bolivia, Chile, Colombia, Ecuador y Per\u00fa, acordaron intensificar el proyecto de integraci\u00f3n el\u00e9ctrica regional con el prop\u00f3sito [&hellip;]<\/p>\n","protected":false},"author":4,"featured_media":35983,"comment_status":"open","ping_status":"open","sticky":false,"template":"","format":"standard","meta":{"footnotes":""},"categories":[39],"tags":[],"class_list":{"0":"post-35982","1":"post","2":"type-post","3":"status-publish","4":"format-standard","5":"has-post-thumbnail","7":"category-energia"},"_links":{"self":[{"href":"https:\/\/jms.com.bo\/mediamonitor\/wp-json\/wp\/v2\/posts\/35982","targetHints":{"allow":["GET"]}}],"collection":[{"href":"https:\/\/jms.com.bo\/mediamonitor\/wp-json\/wp\/v2\/posts"}],"about":[{"href":"https:\/\/jms.com.bo\/mediamonitor\/wp-json\/wp\/v2\/types\/post"}],"author":[{"embeddable":true,"href":"https:\/\/jms.com.bo\/mediamonitor\/wp-json\/wp\/v2\/users\/4"}],"replies":[{"embeddable":true,"href":"https:\/\/jms.com.bo\/mediamonitor\/wp-json\/wp\/v2\/comments?post=35982"}],"version-history":[{"count":0,"href":"https:\/\/jms.com.bo\/mediamonitor\/wp-json\/wp\/v2\/posts\/35982\/revisions"}],"wp:featuredmedia":[{"embeddable":true,"href":"https:\/\/jms.com.bo\/mediamonitor\/wp-json\/wp\/v2\/media\/35983"}],"wp:attachment":[{"href":"https:\/\/jms.com.bo\/mediamonitor\/wp-json\/wp\/v2\/media?parent=35982"}],"wp:term":[{"taxonomy":"category","embeddable":true,"href":"https:\/\/jms.com.bo\/mediamonitor\/wp-json\/wp\/v2\/categories?post=35982"},{"taxonomy":"post_tag","embeddable":true,"href":"https:\/\/jms.com.bo\/mediamonitor\/wp-json\/wp\/v2\/tags?post=35982"}],"curies":[{"name":"wp","href":"https:\/\/api.w.org\/{rel}","templated":true}]}}