{"id":35984,"date":"2022-11-04T06:53:58","date_gmt":"2022-11-04T10:53:58","guid":{"rendered":"https:\/\/jms.com.bo\/mediamonitor\/2022\/11\/04\/aneel-abre-consulta-publica-sobre-la-nueva-reglamentacion-de-la-micro-y-mini-generacion-distribuida-de-brasil\/"},"modified":"2022-11-04T06:53:58","modified_gmt":"2022-11-04T10:53:58","slug":"aneel-abre-consulta-publica-sobre-la-nueva-reglamentacion-de-la-micro-y-mini-generacion-distribuida-de-brasil","status":"publish","type":"post","link":"https:\/\/jms.com.bo\/mediamonitor\/2022\/11\/04\/aneel-abre-consulta-publica-sobre-la-nueva-reglamentacion-de-la-micro-y-mini-generacion-distribuida-de-brasil\/","title":{"rendered":"ANEEL abre consulta p\u00fablica sobre la nueva reglamentaci\u00f3n de la micro y mini generaci\u00f3n distribuida de Brasil"},"content":{"rendered":"<p style=\"text-align: justify;\">La Resoluci\u00f3n Normativa N\u00b0 482\/2012, que fue la referencia de la micro (hasta 75 kW) y mini (generaci\u00f3n distribuida (de 75 kW a 5 MW) durante pr\u00e1cticamente los \u00faltimos 10 a\u00f1os, est\u00e1 cerca de formar parte del pasado ya que la Agencia Nacional de Energ\u00eda El\u00e9ctrica abrir\u00e1 una consulta p\u00fablica para el nuevo reglamento, con excedente de compensaci\u00f3n de la energ\u00eda liberada a la red el\u00e9ctrica.<\/p>\n<p style=\"text-align: justify;\">Entre las modificaciones propuestas, se encuentran las relacionadas con el Sistema de Compensaci\u00f3n de Energ\u00eda El\u00e9ctrica (SCEE), es decir, la inserci\u00f3n, en la red, de la energ\u00eda generada no consumida en el mismo tiempo y posterior aprovechamiento de una cantidad equivalente de energ\u00eda de la red cuando la micro o mini generaci\u00f3n no es suficiente para satisfacer la demanda de la unidad consumidora.<\/p>\n<p style=\"text-align: justify;\">Adem\u00e1s, entre los mandatos que requieren ser reglamentados por ANEEL est\u00e1n el financiamiento en la Cuenta de Desarrollo Energ\u00e9tico para el uso de energ\u00eda compensada, la regla especial para adhesiones hasta el 6 de enero de 2023 y la reducci\u00f3n progresiva en el costo de la tarifa de uso del sistema de distribuci\u00f3n (TUSD).<\/p>\n<p style=\"text-align: justify;\">El primero de los puntos refiere a que la CDE incluye los costos gravados sobre la energ\u00eda el\u00e9ctrica compensada, ya que el SCEE vigente permite que los consumidores no paguen directamente los costes de uso de la red cuando recuperan la energ\u00eda equivalente a la inyectada en un momento anterior, costos que se reparten que se reparten entre todos los consumidores, a modo de subvenci\u00f3n.<\/p>\n<p style=\"text-align: justify;\">Por otro lado, se pretende que los usuarios que ya tengan o soliciten la conexi\u00f3n a la red de distribuci\u00f3n con las alternativas micro y mini generaci\u00f3n hasta enero del 2023, tengan la exenci\u00f3n total de la TUSD hasta 2045,<\/p>\n<p style=\"text-align: justify;\">Durante este per\u00edodo, el costo de estos consumidores continuar\u00e1 siendo prorrateado en la tarifa de consumo, seg\u00fan la ubicaci\u00f3n de los micro y mini generadores y el \u00e1rea de concesi\u00f3n de cada distribuidor.<\/p>\n<p style=\"text-align: justify;\">Mientras que los consumidores que soliciten la conexi\u00f3n a la red de distribuci\u00f3n despu\u00e9s del 6 de enero de 2023, la ley crea un per\u00edodo de transici\u00f3n con una reducci\u00f3n progresiva de los costos de TUSD, hasta que entre en vigor la norma definitiva sobre la materia en 2029.<\/p>\n<p style=\"text-align: justify;\">Y en esta fecha, las unidades de consumo en el SCEE estar\u00e1n sujetas a la incidencia de los componentes tarifarios no asociados al costo de la energ\u00eda sobre el monto compensado, tras deducir los beneficios valorados por el Consejo Nacional de Pol\u00edtica Energ\u00e9tica (CNPE) y los c\u00e1lculos realizados por ANEEL dentro de los 18 meses siguientes a la publicaci\u00f3n de la Ley 14.300\/2022.<\/p>\n<p style=\"text-align: justify;\">Adem\u00e1s, dicha normativa introduce otras disposiciones:<\/p>\n<p style=\"text-align: justify;\">Conexi\u00f3n de micro o mini generaci\u00f3n distribuida con sistemas de almacenamiento.<br \/>\nGarant\u00eda de fiel cumplimiento para plantas generadoras de m\u00e1s de 500 kilovatios (kW).<br \/>\nCompensaci\u00f3n del excedente generado por una unidad conectada a una licenciataria.<br \/>\nFacturaci\u00f3n del per\u00edodo de transici\u00f3n.<br \/>\nGeneraci\u00f3n distribuida r\u00e9cord en la regi\u00f3n<\/p>\n<p style=\"text-align: justify;\">Brasil es el pa\u00eds de Sudam\u00e9rica con m\u00e1s potencia en GD fotovoltaica, a tal punto que esta alternativa renovable abarca cerca del 68% de toda la capacidad solar operativa del pa\u00eds, con 13,72 GW s\u00f3lo en distribuida de los 20,25 GW instalados. seg\u00fan los \u00faltimos reportes de la Asociaci\u00f3n Brasile\u00f1a de Energ\u00eda Solar Fotovoltaica (ABSOLAR).<\/p>\n<p style=\"text-align: justify;\">Esto significa que durante el transcurso del a\u00f1o, el mercado y la potencia instalada de generaci\u00f3n distribuida 4,5 GW, m\u00e1s del doble de lo que lo hizo la generaci\u00f3n centralizada de parques fotovoltaicos. Y gracias a ello, la energ\u00eda fotovoltaica ocupa el tercer lugar de la matriz el\u00e9ctrica del pa\u00eds, con 9,7%, s\u00f3lo por detr\u00e1s de las centrales hidroel\u00e9ctricas (52,6%) y las e\u00f3licas (10,9%).<\/p>\n<p style=\"text-align: justify;\">Mientras que en cuanto a usuarios, existen 1.308.028 sistemas solares conectados a la red del pa\u00eds y 1.671.645 unidades consumidoras reciben cr\u00e9ditos por el Sistema de Compensaci\u00f3n de Energ\u00eda El\u00e9ctrica (SCEE).<\/p>\n<p style=\"text-align: justify;\">\n","protected":false},"excerpt":{"rendered":"<p>La Resoluci\u00f3n Normativa N\u00b0 482\/2012, que fue la referencia de la micro (hasta 75 kW) y mini (generaci\u00f3n distribuida (de 75 kW a 5 MW) durante pr\u00e1cticamente los \u00faltimos 10 a\u00f1os, est\u00e1 cerca de formar parte del pasado ya que la Agencia Nacional de Energ\u00eda El\u00e9ctrica abrir\u00e1 una consulta p\u00fablica para el nuevo reglamento, con [&hellip;]<\/p>\n","protected":false},"author":4,"featured_media":35985,"comment_status":"open","ping_status":"open","sticky":false,"template":"","format":"standard","meta":{"footnotes":""},"categories":[39],"tags":[],"class_list":{"0":"post-35984","1":"post","2":"type-post","3":"status-publish","4":"format-standard","5":"has-post-thumbnail","7":"category-energia"},"_links":{"self":[{"href":"https:\/\/jms.com.bo\/mediamonitor\/wp-json\/wp\/v2\/posts\/35984","targetHints":{"allow":["GET"]}}],"collection":[{"href":"https:\/\/jms.com.bo\/mediamonitor\/wp-json\/wp\/v2\/posts"}],"about":[{"href":"https:\/\/jms.com.bo\/mediamonitor\/wp-json\/wp\/v2\/types\/post"}],"author":[{"embeddable":true,"href":"https:\/\/jms.com.bo\/mediamonitor\/wp-json\/wp\/v2\/users\/4"}],"replies":[{"embeddable":true,"href":"https:\/\/jms.com.bo\/mediamonitor\/wp-json\/wp\/v2\/comments?post=35984"}],"version-history":[{"count":0,"href":"https:\/\/jms.com.bo\/mediamonitor\/wp-json\/wp\/v2\/posts\/35984\/revisions"}],"wp:featuredmedia":[{"embeddable":true,"href":"https:\/\/jms.com.bo\/mediamonitor\/wp-json\/wp\/v2\/media\/35985"}],"wp:attachment":[{"href":"https:\/\/jms.com.bo\/mediamonitor\/wp-json\/wp\/v2\/media?parent=35984"}],"wp:term":[{"taxonomy":"category","embeddable":true,"href":"https:\/\/jms.com.bo\/mediamonitor\/wp-json\/wp\/v2\/categories?post=35984"},{"taxonomy":"post_tag","embeddable":true,"href":"https:\/\/jms.com.bo\/mediamonitor\/wp-json\/wp\/v2\/tags?post=35984"}],"curies":[{"name":"wp","href":"https:\/\/api.w.org\/{rel}","templated":true}]}}