{"id":35988,"date":"2022-11-04T07:03:22","date_gmt":"2022-11-04T11:03:22","guid":{"rendered":"https:\/\/jms.com.bo\/mediamonitor\/2022\/11\/04\/montes-plantea-rebajas-de-setar-al-sector-productivo\/"},"modified":"2022-11-04T07:03:22","modified_gmt":"2022-11-04T11:03:22","slug":"montes-plantea-rebajas-de-setar-al-sector-productivo","status":"publish","type":"post","link":"https:\/\/jms.com.bo\/mediamonitor\/2022\/11\/04\/montes-plantea-rebajas-de-setar-al-sector-productivo\/","title":{"rendered":"Montes plantea rebajas de Setar al sector productivo"},"content":{"rendered":"<p style=\"text-align: justify;\">El gobernador del departamento de Tarija, \u00d3scar Montes, confirm\u00f3 ayer en conferencia de prensa que la instituci\u00f3n se encuentra a la espera de la determinaci\u00f3n de la Autoridad de Electricidad (AE) sobre la actualizaci\u00f3n tarifaria del servicio el\u00e9ctrico. El objetivo, indic\u00f3, es lograr una rebaja sustancial para el sector productivo, pero para ello se necesita la autorizaci\u00f3n del nivel estatal.<\/p>\n<p style=\"text-align: justify;\">\u201cEsperamos que ahora en este mes de noviembre nos aprueben la nueva tarifa. Yo quiero adelantar que la novedad que estamos poniendo es intentar beneficiar al sector productivo, a todo aquel que genere una actividad econ\u00f3mica y pueda generar empleo. Recordar que ese es el prop\u00f3sito de nuestra gesti\u00f3n, as\u00ed que estamos orientando a que la rebaja vaya a crear empleo\u201d se\u00f1al\u00f3 el gobernador quien se mostr\u00f3 optimista en tanto poder lograr la autorizaci\u00f3n en los pr\u00f3ximos d\u00edas de noviembre.<\/p>\n<p style=\"text-align: justify;\">La autonom\u00eda tarifaria de la gobernaci\u00f3n de Tarija respecto a Servicios El\u00e9ctricos de Tarija (Setar) termin\u00f3 con la nueva normativa y la consecuci\u00f3n del t\u00edtulo habilitante como distribuidora en 2014. La norma oblig\u00f3 a transferir todos los activos de generaci\u00f3n el\u00e9ctrica a Ende y a comprar electricidad solo del Sistema Integrado Nacional administrado por esa misma empresa estatal. En el caso de Tarija, las facturas se incrementaron.<\/p>\n<p style=\"text-align: justify;\">El costo de megavatio hora suministrado por Ende tiene el mismo costo en todo el pa\u00eds, aunque algunas fuentes cuestionan este principio al recordar que en el transporte por la red se pierde una gran cantidad de energ\u00eda. En ese sentido, se pide privilegiar la instalaci\u00f3n de industrias cerca del lugar de generaci\u00f3n de la energ\u00eda.<\/p>\n","protected":false},"excerpt":{"rendered":"<p>El gobernador del departamento de Tarija, \u00d3scar Montes, confirm\u00f3 ayer en conferencia de prensa que la instituci\u00f3n se encuentra a la espera de la determinaci\u00f3n de la Autoridad de Electricidad (AE) sobre la actualizaci\u00f3n tarifaria del servicio el\u00e9ctrico. El objetivo, indic\u00f3, es lograr una rebaja sustancial para el sector productivo, pero para ello se necesita [&hellip;]<\/p>\n","protected":false},"author":4,"featured_media":35989,"comment_status":"open","ping_status":"open","sticky":false,"template":"","format":"standard","meta":{"footnotes":""},"categories":[39,44,48],"tags":[],"class_list":{"0":"post-35988","1":"post","2":"type-post","3":"status-publish","4":"format-standard","5":"has-post-thumbnail","7":"category-energia","8":"category-portada-energia","9":"category-portada-general-sitio"},"_links":{"self":[{"href":"https:\/\/jms.com.bo\/mediamonitor\/wp-json\/wp\/v2\/posts\/35988","targetHints":{"allow":["GET"]}}],"collection":[{"href":"https:\/\/jms.com.bo\/mediamonitor\/wp-json\/wp\/v2\/posts"}],"about":[{"href":"https:\/\/jms.com.bo\/mediamonitor\/wp-json\/wp\/v2\/types\/post"}],"author":[{"embeddable":true,"href":"https:\/\/jms.com.bo\/mediamonitor\/wp-json\/wp\/v2\/users\/4"}],"replies":[{"embeddable":true,"href":"https:\/\/jms.com.bo\/mediamonitor\/wp-json\/wp\/v2\/comments?post=35988"}],"version-history":[{"count":0,"href":"https:\/\/jms.com.bo\/mediamonitor\/wp-json\/wp\/v2\/posts\/35988\/revisions"}],"wp:featuredmedia":[{"embeddable":true,"href":"https:\/\/jms.com.bo\/mediamonitor\/wp-json\/wp\/v2\/media\/35989"}],"wp:attachment":[{"href":"https:\/\/jms.com.bo\/mediamonitor\/wp-json\/wp\/v2\/media?parent=35988"}],"wp:term":[{"taxonomy":"category","embeddable":true,"href":"https:\/\/jms.com.bo\/mediamonitor\/wp-json\/wp\/v2\/categories?post=35988"},{"taxonomy":"post_tag","embeddable":true,"href":"https:\/\/jms.com.bo\/mediamonitor\/wp-json\/wp\/v2\/tags?post=35988"}],"curies":[{"name":"wp","href":"https:\/\/api.w.org\/{rel}","templated":true}]}}