{"id":35998,"date":"2022-11-04T07:08:32","date_gmt":"2022-11-04T11:08:32","guid":{"rendered":"https:\/\/jms.com.bo\/mediamonitor\/2022\/11\/04\/ypfb-logistica-inicia-investigacion-sobre-funcionario-encontrado-con-petardos\/"},"modified":"2022-11-04T07:08:32","modified_gmt":"2022-11-04T11:08:32","slug":"ypfb-logistica-inicia-investigacion-sobre-funcionario-encontrado-con-petardos","status":"publish","type":"post","link":"https:\/\/jms.com.bo\/mediamonitor\/2022\/11\/04\/ypfb-logistica-inicia-investigacion-sobre-funcionario-encontrado-con-petardos\/","title":{"rendered":"YPFB Log\u00edstica inicia investigaci\u00f3n sobre funcionario encontrado con petardos"},"content":{"rendered":"<p style=\"text-align: justify;\">El gerente general de YPFB Log\u00edstica, Julio C\u00e9sar Gandarillas, indic\u00f3 este jueves que se inici\u00f3 una investigaci\u00f3n contra el trabajador de la empresa que habr\u00eda sido sorprendido portando una mochila con petardos la noche del 2 de noviembre.<\/p>\n<p style=\"text-align: justify;\">El gerente de la petrolera, explic\u00f3 que se identific\u00f3 a Mario \u00c1lvarez Cadima, quien estuvo portando petardos en su mochila, pero que el mismo estaba fuera de horario laboral, por lo que la empresa no ser\u00eda responsable de las acciones que realizaba fuera de la planta.<\/p>\n<p style=\"text-align: justify;\">\u201cEl se\u00f1or Mario \u00c1lvarez C. es un trabajador de YPFB Log\u00edstica que se encontraba fuera del horario laboral. Por consiguiente, lo que haga cada trabajador fuera del horario laboral, no es responsabilidad de la empresa YPFB Log\u00edstica\u201d, manifest\u00f3 Gandarillas en conferencia.<\/p>\n<p style=\"text-align: justify;\">Tambi\u00e9n aclar\u00f3 que el veh\u00edculo en el que se transportaba el mencionado funcionario no es un motorizado oficial de YPFB Log\u00edstica.<\/p>\n<p style=\"text-align: justify;\">No obstante, para establecer alguna responsabilidad, se determin\u00f3 que la Unidad de Transparencia de YPFB Log\u00edstica inicie una investigaci\u00f3n de oficio sobre lo ocurrido.<\/p>\n<p style=\"text-align: justify;\">La investigaci\u00f3n tiene \u201cla finalidad de determinar si existiese alg\u00fan indicio con temas administrativos que puedan implicar al se\u00f1or Mario \u00c1lvarez\u201d, sostuvo Gandarillas.<\/p>\n<p style=\"text-align: justify;\">Para evitar cualquier especulaci\u00f3n, YPFB Log\u00edstica esperar\u00e1 los resultados de la investigaci\u00f3n de la Unidad de Transparencia para tomar las acciones y medidas que correspondan.<\/p>\n","protected":false},"excerpt":{"rendered":"<p>El gerente general de YPFB Log\u00edstica, Julio C\u00e9sar Gandarillas, indic\u00f3 este jueves que se inici\u00f3 una investigaci\u00f3n contra el trabajador de la empresa que habr\u00eda sido sorprendido portando una mochila con petardos la noche del 2 de noviembre. El gerente de la petrolera, explic\u00f3 que se identific\u00f3 a Mario \u00c1lvarez Cadima, quien estuvo portando petardos [&hellip;]<\/p>\n","protected":false},"author":4,"featured_media":35999,"comment_status":"open","ping_status":"open","sticky":false,"template":"","format":"standard","meta":{"footnotes":""},"categories":[40,23],"tags":[],"class_list":{"0":"post-35998","1":"post","2":"type-post","3":"status-publish","4":"format-standard","5":"has-post-thumbnail","7":"category-bolivia","8":"category-hidrocarburos"},"_links":{"self":[{"href":"https:\/\/jms.com.bo\/mediamonitor\/wp-json\/wp\/v2\/posts\/35998","targetHints":{"allow":["GET"]}}],"collection":[{"href":"https:\/\/jms.com.bo\/mediamonitor\/wp-json\/wp\/v2\/posts"}],"about":[{"href":"https:\/\/jms.com.bo\/mediamonitor\/wp-json\/wp\/v2\/types\/post"}],"author":[{"embeddable":true,"href":"https:\/\/jms.com.bo\/mediamonitor\/wp-json\/wp\/v2\/users\/4"}],"replies":[{"embeddable":true,"href":"https:\/\/jms.com.bo\/mediamonitor\/wp-json\/wp\/v2\/comments?post=35998"}],"version-history":[{"count":0,"href":"https:\/\/jms.com.bo\/mediamonitor\/wp-json\/wp\/v2\/posts\/35998\/revisions"}],"wp:featuredmedia":[{"embeddable":true,"href":"https:\/\/jms.com.bo\/mediamonitor\/wp-json\/wp\/v2\/media\/35999"}],"wp:attachment":[{"href":"https:\/\/jms.com.bo\/mediamonitor\/wp-json\/wp\/v2\/media?parent=35998"}],"wp:term":[{"taxonomy":"category","embeddable":true,"href":"https:\/\/jms.com.bo\/mediamonitor\/wp-json\/wp\/v2\/categories?post=35998"},{"taxonomy":"post_tag","embeddable":true,"href":"https:\/\/jms.com.bo\/mediamonitor\/wp-json\/wp\/v2\/tags?post=35998"}],"curies":[{"name":"wp","href":"https:\/\/api.w.org\/{rel}","templated":true}]}}