{"id":36050,"date":"2022-11-04T15:51:34","date_gmt":"2022-11-04T19:51:34","guid":{"rendered":"https:\/\/jms.com.bo\/mediamonitor\/2022\/11\/04\/cuellar-reclama-a-la-gobernacion-crucena-acreditar-un-delegado-para-la-reunion-en-trinidad\/"},"modified":"2022-11-04T15:51:34","modified_gmt":"2022-11-04T19:51:34","slug":"cuellar-reclama-a-la-gobernacion-crucena-acreditar-un-delegado-para-la-reunion-en-trinidad","status":"publish","type":"post","link":"https:\/\/jms.com.bo\/mediamonitor\/2022\/11\/04\/cuellar-reclama-a-la-gobernacion-crucena-acreditar-un-delegado-para-la-reunion-en-trinidad\/","title":{"rendered":"Cu\u00e9llar reclama a la Gobernaci\u00f3n cruce\u00f1a acreditar un delegado para la reuni\u00f3n en Trinidad"},"content":{"rendered":"<p style=\"text-align: justify;\">El rector de la Universidad Aut\u00f3noma Gabriel Ren\u00e9 Moreno (UAGRM), Vicente Cu\u00e9llar, reclam\u00f3 la presencia de un delegado de la Gobernaci\u00f3n cruce\u00f1a en la reuni\u00f3n en Trinidad. El Gobierno nacional convoc\u00f3 para hoy viernes a la Comisi\u00f3n T\u00e9cnica con el prop\u00f3sito de definir la fecha de realizaci\u00f3n del censo en Bolivia.<\/p>\n<p style=\"text-align: justify;\">\u201cQueremos pedir tambi\u00e9n que la Gobernaci\u00f3n acredite a un delegado. Es importante que la Gobernaci\u00f3n tenga su palabra ah\u00ed en la discusi\u00f3n t\u00e9cnica\u201d, afirm\u00f3 Cu\u00e9llar.<\/p>\n<p style=\"text-align: justify;\">La autoridad universitaria confirm\u00f3 su presencia en la cita trinitaria e indic\u00f3 que tres t\u00e9cnicos le acompa\u00f1ar\u00e1n. Se trata de los profesionales Melvy Vargas, exdirectora regional del INE, Jorge Akamine, economista, y Jos\u00e9 Luis Satistevan, abogado.<\/p>\n<p style=\"text-align: justify;\">El rector enfatiz\u00f3 que su presencia en Trinidad ser\u00e1 para exponer los argumentos t\u00e9cnicos de la comisi\u00f3n interinstitucional cruce\u00f1a. Cu\u00e9llar precis\u00f3 que no est\u00e1 yendo a negociar nada.<\/p>\n<p style=\"text-align: justify;\">Titular de la Gobernaci\u00f3n cruce\u00f1a no asistir\u00e1<br \/>\nEl gobernador de Santa Cruz, Luis Fernando Camacho, indic\u00f3 ayer jueves que no asistir\u00e1 a la reuni\u00f3n de la Comisi\u00f3n T\u00e9cnica en Trinidad. Justific\u00f3 su decisi\u00f3n se\u00f1alando que no conf\u00eda en las acciones del Gobierno nacional. \u201cYo, honestamente, no ceo en la voluntad del Gobierno (nacional). No creo en la buena voluntad y lo hemos demostrado todo este tiempo que hemos estado nosotros en la lucha. Por lo tanto, si (la reuni\u00f3n) es t\u00e9cnica, que vayan los t\u00e9cnicos\u201d, afirm\u00f3.<\/p>\n<p style=\"text-align: justify;\">Camacho insisti\u00f3 en el resultado del cabildo del 30 de septiembre. \u201cNosotros vamos a seguir en las calles hasta lograr el objetivo que es el 2023, no por capricho ni por intransigencia, por un mandato. Quienes est\u00e9n en contra de lo que es el mandato de un cabildo, lo siento much\u00edsimo, est\u00e1n actuando en contra de lo que est\u00e1 haciendo su pueblo\u201d, dijo.<\/p>\n<p style=\"text-align: justify;\">Hoy viernes el paro indefinido en Santa Cruz cumple 14 d\u00edas. Es notoria la fatiga entre la ciudadan\u00eda, que se mueve como puede entre escasez de alimentos, combustibles y la imposibilidad de transitar libremente. La medida es acatada con mayor rigor en la zona central y la zona norte de la capital cruce\u00f1a, distendi\u00e9ndose en otras \u00e1reas.<\/p>\n","protected":false},"excerpt":{"rendered":"<p>El rector de la Universidad Aut\u00f3noma Gabriel Ren\u00e9 Moreno (UAGRM), Vicente Cu\u00e9llar, reclam\u00f3 la presencia de un delegado de la Gobernaci\u00f3n cruce\u00f1a en la reuni\u00f3n en Trinidad. El Gobierno nacional convoc\u00f3 para hoy viernes a la Comisi\u00f3n T\u00e9cnica con el prop\u00f3sito de definir la fecha de realizaci\u00f3n del censo en Bolivia. \u201cQueremos pedir tambi\u00e9n que [&hellip;]<\/p>\n","protected":false},"author":4,"featured_media":0,"comment_status":"open","ping_status":"open","sticky":false,"template":"","format":"standard","meta":{"footnotes":""},"categories":[54],"tags":[],"class_list":{"0":"post-36050","1":"post","2":"type-post","3":"status-publish","4":"format-standard","6":"category-paro-civico"},"_links":{"self":[{"href":"https:\/\/jms.com.bo\/mediamonitor\/wp-json\/wp\/v2\/posts\/36050","targetHints":{"allow":["GET"]}}],"collection":[{"href":"https:\/\/jms.com.bo\/mediamonitor\/wp-json\/wp\/v2\/posts"}],"about":[{"href":"https:\/\/jms.com.bo\/mediamonitor\/wp-json\/wp\/v2\/types\/post"}],"author":[{"embeddable":true,"href":"https:\/\/jms.com.bo\/mediamonitor\/wp-json\/wp\/v2\/users\/4"}],"replies":[{"embeddable":true,"href":"https:\/\/jms.com.bo\/mediamonitor\/wp-json\/wp\/v2\/comments?post=36050"}],"version-history":[{"count":0,"href":"https:\/\/jms.com.bo\/mediamonitor\/wp-json\/wp\/v2\/posts\/36050\/revisions"}],"wp:attachment":[{"href":"https:\/\/jms.com.bo\/mediamonitor\/wp-json\/wp\/v2\/media?parent=36050"}],"wp:term":[{"taxonomy":"category","embeddable":true,"href":"https:\/\/jms.com.bo\/mediamonitor\/wp-json\/wp\/v2\/categories?post=36050"},{"taxonomy":"post_tag","embeddable":true,"href":"https:\/\/jms.com.bo\/mediamonitor\/wp-json\/wp\/v2\/tags?post=36050"}],"curies":[{"name":"wp","href":"https:\/\/api.w.org\/{rel}","templated":true}]}}