{"id":36051,"date":"2022-11-04T15:54:34","date_gmt":"2022-11-04T19:54:34","guid":{"rendered":"https:\/\/jms.com.bo\/mediamonitor\/2022\/11\/04\/ministro-huanca-pide-a-la-cao-no-causar-zozobra-con-un-posible-desabastecimiento-de-alimentos\/"},"modified":"2022-11-04T15:54:34","modified_gmt":"2022-11-04T19:54:34","slug":"ministro-huanca-pide-a-la-cao-no-causar-zozobra-con-un-posible-desabastecimiento-de-alimentos","status":"publish","type":"post","link":"https:\/\/jms.com.bo\/mediamonitor\/2022\/11\/04\/ministro-huanca-pide-a-la-cao-no-causar-zozobra-con-un-posible-desabastecimiento-de-alimentos\/","title":{"rendered":"Ministro Huanca pide a la CAO no causar \u201czozobra\u201d con un posible desabastecimiento de alimentos"},"content":{"rendered":"<p style=\"text-align: justify;\">El ministro de Desarrollo productivo y Econom\u00eda Plural, N\u00e9stor Huanca, cree que la C\u00e1mara Agropecuaria del Oriente (CAO) no deber\u00eda causar \u201czozobra\u201d en la poblaci\u00f3n con el anunci\u00f3 de un posible desabastecimiento de alimentos por el cerco a Santa Cruz, sino m\u00e1s bien pedir que se levante el paro indefinido.<\/p>\n<p style=\"text-align: justify;\">\u201cMe extra\u00f1a la posici\u00f3n de la CAO. Como productores agroindustriales de la ciudad de Santa Cruz, lo que deber\u00edan hacer es llamar a la reflexi\u00f3n al comit\u00e9 c\u00edvico para que de una vez levante el bloqueo en la ciudad\u201d, dijo la autoridad<\/p>\n<p style=\"text-align: justify;\">\u201cM\u00e1s all\u00e1 de amenazar y levantar zozobra en la poblaci\u00f3n de que existir\u00eda un posible desabastecimiento de alimentos, deber\u00edan llamar a la reflexi\u00f3n al gobernador, al comit\u00e9 c\u00edvico, a sus jefes, a sus patrones, para que de una vez levanten el bloqueo\u201d, agreg\u00f3.<\/p>\n<p style=\"text-align: justify;\">Ayer, jueves, el presidente de la CAO, Oscar Mario Justiniano, manifest\u00f3 en una nota de prensa que no es responsabilidad del sector agropecuario el que los alimentos en Bolivia escaseen y que, de seguir as\u00ed, pronto no se pueda tener disponibilidad de carnes, leche, huevos, granos, frutas y hortalizas, entre otros, en calidad y a precios justos en todo el pa\u00eds.<\/p>\n<p style=\"text-align: justify;\">\u201cHoy est\u00e1 paralizada la cadena productiva y de abastecimiento. Deslindamos toda responsabilidad porque no tenemos las condiciones para garantizar la producci\u00f3n de los bolivianos\u201d, acot\u00f3, antes de lamentar la falta de pol\u00edticas de gobierno que brinden seguridad jur\u00eddica, social y alimentaria.<\/p>\n<p style=\"text-align: justify;\">\u201cAcciones como el cerco al departamento de Santa Cruz, amenazas y amedrentamiento con toma de propiedades privadas, la falta de circulaci\u00f3n de combustible, la limitaci\u00f3n de gas a la industria y las restricciones a la exportaci\u00f3n, atacan directamente a la econom\u00eda, as\u00ed como al presente y al futuro de la alimentaci\u00f3n y producci\u00f3n nacional\u201d, asever\u00f3.<\/p>\n<p style=\"text-align: justify;\">Huanca fue el primer ministro en justificar el cerco a Santa Cruz; despu\u00e9s lo hizo su par de Econom\u00eda, Marcelo Montenegro.<\/p>\n<p style=\"text-align: justify;\">\u201cEl bloqueo de nuestras hermanas y hermanos de las organizaciones sociales, las acciones que est\u00e1n tomando es a consecuencia del paro y bloqueo indefinido que declar\u00f3 el comit\u00e9 c\u00edvico. Por tanto, la CAO deber\u00eda pedir que el comit\u00e9 c\u00edvico y el gobernador levanten el bloqueo para normalizar\u00bb la actividad econ\u00f3mica en el departamento, sostuvo el titular de Desarrollo Productivo.<\/p>\n<p style=\"text-align: justify;\">\u201cAhora no hay excusas para seguir manteniendo el bloqueo y el paro c\u00edvico puesto que el Gobierno nacional ya ha aperturado el di\u00e1logo\u201d, subray\u00f3.<\/p>\n<p style=\"text-align: justify;\">La tarde de este viernes se inaugurar\u00e1 en Trinidad la mesa t\u00e9cnica que definir\u00e1 la fecha de realizaci\u00f3n del censo. La inauguraci\u00f3n estar\u00e1 a cargo del presidente Luis Arce..<\/p>\n<p style=\"text-align: justify;\">Entre los invitados est\u00e1n las universidades p\u00fablicas, las nueve asociaciones municipales, los nueve alcaldes de ciudades capitales m\u00e1s El Alto, las autoridades de los gobiernos ind\u00edgena originario campesino, los nueve gobernadores de Bolivia y los representantes del Fondo de Poblaci\u00f3n de Naciones Unidas (Unfp) y de la Divisi\u00f3n de Poblaci\u00f3n de la Comisi\u00f3n Econ\u00f3mica para Am\u00e9rica Latina y el Caribe (Celade-Cepal).<\/p>\n","protected":false},"excerpt":{"rendered":"<p>El ministro de Desarrollo productivo y Econom\u00eda Plural, N\u00e9stor Huanca, cree que la C\u00e1mara Agropecuaria del Oriente (CAO) no deber\u00eda causar \u201czozobra\u201d en la poblaci\u00f3n con el anunci\u00f3 de un posible desabastecimiento de alimentos por el cerco a Santa Cruz, sino m\u00e1s bien pedir que se levante el paro indefinido. \u201cMe extra\u00f1a la posici\u00f3n de [&hellip;]<\/p>\n","protected":false},"author":4,"featured_media":36052,"comment_status":"open","ping_status":"open","sticky":false,"template":"","format":"standard","meta":{"footnotes":""},"categories":[54],"tags":[],"class_list":{"0":"post-36051","1":"post","2":"type-post","3":"status-publish","4":"format-standard","5":"has-post-thumbnail","7":"category-paro-civico"},"_links":{"self":[{"href":"https:\/\/jms.com.bo\/mediamonitor\/wp-json\/wp\/v2\/posts\/36051","targetHints":{"allow":["GET"]}}],"collection":[{"href":"https:\/\/jms.com.bo\/mediamonitor\/wp-json\/wp\/v2\/posts"}],"about":[{"href":"https:\/\/jms.com.bo\/mediamonitor\/wp-json\/wp\/v2\/types\/post"}],"author":[{"embeddable":true,"href":"https:\/\/jms.com.bo\/mediamonitor\/wp-json\/wp\/v2\/users\/4"}],"replies":[{"embeddable":true,"href":"https:\/\/jms.com.bo\/mediamonitor\/wp-json\/wp\/v2\/comments?post=36051"}],"version-history":[{"count":0,"href":"https:\/\/jms.com.bo\/mediamonitor\/wp-json\/wp\/v2\/posts\/36051\/revisions"}],"wp:featuredmedia":[{"embeddable":true,"href":"https:\/\/jms.com.bo\/mediamonitor\/wp-json\/wp\/v2\/media\/36052"}],"wp:attachment":[{"href":"https:\/\/jms.com.bo\/mediamonitor\/wp-json\/wp\/v2\/media?parent=36051"}],"wp:term":[{"taxonomy":"category","embeddable":true,"href":"https:\/\/jms.com.bo\/mediamonitor\/wp-json\/wp\/v2\/categories?post=36051"},{"taxonomy":"post_tag","embeddable":true,"href":"https:\/\/jms.com.bo\/mediamonitor\/wp-json\/wp\/v2\/tags?post=36051"}],"curies":[{"name":"wp","href":"https:\/\/api.w.org\/{rel}","templated":true}]}}